{"id":1272,"date":"2020-06-23T10:54:36","date_gmt":"2020-06-23T08:54:36","guid":{"rendered":"http:\/\/la-tour-morillon.fr\/?p=1272"},"modified":"2020-06-24T18:23:47","modified_gmt":"2020-06-24T16:23:47","slug":"reouverture","status":"publish","type":"post","link":"https:\/\/la-tour-morillon.fr\/index.php\/2020\/06\/23\/reouverture\/","title":{"rendered":"R\u00e9ouverture"},"content":{"rendered":"\n\n[et_pb_section fb_built=\u00a0\u00bb1&Prime; _builder_version=\u00a0\u00bb4.4.1&Prime;][et_pb_row _builder_version=\u00a0\u00bb4.4.1&Prime;][et_pb_column _builder_version=\u00a0\u00bb4.4.1&Prime; type=\u00a0\u00bb4_4&Prime;][et_pb_text _builder_version=\u00a0\u00bb4.4.1&Prime; hover_enabled=\u00a0\u00bb0&Prime; text_orientation=\u00a0\u00bbjustified\u00a0\u00bb text_letter_spacing=\u00a0\u00bb1px\u00a0\u00bb text_font_size=\u00a0\u00bb21px\u00a0\u00bb]<p>Nous avons le plaisir de vous annoncer la <strong>REOUVERTURE<\/strong> du salon de th\u00e9 \u00e0 partir du <strong>vendredi 26 juin prochain<\/strong> !<\/p>\n<p>Durant les semaines \u00e0 venir nous modifions l\u00e9g\u00e8rement nos jours d\u2019ouverture. Vous aurez le plaisir de vous rendre \u00e0 la Tour Morillon du vendredi au dimanche de 15h \u00e0 19h. Ce changement est provisoire, nous ne manquerons pas de vous informer du retour \u00e0 la normale des horaires.<\/p>[\/et_pb_text][\/et_pb_column][\/et_pb_row][et_pb_row _builder_version=\u00a0\u00bb4.4.1&Prime; column_structure=\u00a0\u00bb3_5,2_5&Prime; hover_enabled=\u00a0\u00bb0&Prime;][et_pb_column _builder_version=\u00a0\u00bb4.4.1&Prime; type=\u00a0\u00bb3_5&Prime;][et_pb_text _builder_version=\u00a0\u00bb4.4.1&Prime; hover_enabled=\u00a0\u00bb0&Prime; text_font_size=\u00a0\u00bb21px\u00a0\u00bb text_letter_spacing=\u00a0\u00bb1px\u00a0\u00bb text_orientation=\u00a0\u00bbjustified\u00a0\u00bb]<p>&nbsp;<\/p>\n<div class=\"text_exposed_show\">\n<p><span class=\"_5mfr\"><span class=\"_6qdm\">\u2139\ufe0f<\/span><\/span> Petites indications pratiques :<\/p>\n<ul>\n<li>du gel hydroalcoolique est \u00e0 votre disposition \u00e0 l\u2019entr\u00e9e du salon de th\u00e9 afin de vous permettre de vous d\u00e9sinfecter les mains<\/li>\n<li>nous vous remercions de bien vouloir apporter un masque et de le porter lors de vos d\u00e9placements \u00e0 l\u2019int\u00e9rieur du salon <span class=\"_5mfr\"><span class=\"_6qdm\">\ud83d\ude37<\/span><\/span><\/li>\n<li>NOUVEAUTE : nous sommes d\u00e9sormais \u00e9quip\u00e9s d\u2019un terminal de paiement afin de vous permettre de payer par carte et sans contact.<\/li>\n<\/ul>\n<\/div>\n[\/et_pb_text][\/et_pb_column][et_pb_column _builder_version=\u00a0\u00bb4.4.1&Prime; type=\u00a0\u00bb2_5&Prime;][et_pb_text _builder_version=\u00a0\u00bb4.4.1&Prime; hover_enabled=\u00a0\u00bb0&Prime; text_orientation=\u00a0\u00bbjustified\u00a0\u00bb text_font_size=\u00a0\u00bb21px\u00a0\u00bb text_letter_spacing=\u00a0\u00bb2px\u00a0\u00bb]<p>Les bonnes choses, pour leur part, ne changent pas <span class=\"_5mfr\"><span class=\"_6qdm\">\ud83d\ude0d<\/span><\/span> :<\/p>\n<ul>\n<li>Les bonnes p\u00e2tisseries maison<\/li>\n<li>les th\u00e9s soigneusement s\u00e9lectionn\u00e9s<\/li>\n<li>l\u2019ambiance et l\u2019accueil chaleureux<\/li>\n<\/ul>\n<p>\u21d2 sont toujours au rendez-vous <span class=\"_5mfr\"><span class=\"_6qdm\">\ud83d\ude09<\/span><\/span><\/p>\n[\/et_pb_text][\/et_pb_column][\/et_pb_row][et_pb_row _builder_version=\u00a0\u00bb4.4.1&Prime;][et_pb_column _builder_version=\u00a0\u00bb4.4.1&Prime; type=\u00a0\u00bb4_4&Prime;][et_pb_text _builder_version=\u00a0\u00bb4.4.1&Prime; text_font_size=\u00a0\u00bb28px\u00a0\u00bb text_letter_spacing=\u00a0\u00bb1px\u00a0\u00bb text_orientation=\u00a0\u00bbcenter\u00a0\u00bb hover_enabled=\u00a0\u00bb0&Prime;]<p style=\"text-align: center;\">Nous avons h\u00e2te de vous retrouver !<\/p>\n[\/et_pb_text][\/et_pb_column][\/et_pb_row][\/et_pb_section]\n\n","protected":false},"excerpt":{"rendered":"<p>Nous avons le plaisir de vous annoncer la REOUVERTURE du salon de th\u00e9 \u00e0 partir du vendredi 26 juin prochain ! Durant les semaines \u00e0 venir nous modifions l\u00e9g\u00e8rement nos jours d\u2019ouverture. Vous aurez le plaisir de vous rendre \u00e0 la Tour Morillon du vendredi au dimanche de 15h \u00e0 19h. Ce changement est provisoire, [&hellip;]<\/p>\n","protected":false},"author":1,"featured_media":1284,"comment_status":"closed","ping_status":"closed","sticky":false,"template":"","format":"standard","meta":{"_et_pb_use_builder":"on","_et_pb_old_content":"","_et_gb_content_width":"2880","footnotes":""},"categories":[19,25],"tags":[],"class_list":["post-1272","post","type-post","status-publish","format-standard","has-post-thumbnail","hentry","category-informations-pratiques","category-salon-de-the"],"yoast_head":"<!-- This site is optimized with the Yoast SEO plugin v25.2 - https:\/\/yoast.com\/wordpress\/plugins\/seo\/ -->\n<title>R\u00e9ouverture - La tour Morillon<\/title>\n<meta name=\"robots\" content=\"index, follow, max-snippet:-1, max-image-preview:large, max-video-preview:-1\" \/>\n<link rel=\"canonical\" href=\"https:\/\/la-tour-morillon.fr\/index.php\/2020\/06\/23\/reouverture\/\" \/>\n<meta property=\"og:locale\" content=\"fr_FR\" \/>\n<meta property=\"og:type\" content=\"article\" \/>\n<meta property=\"og:title\" content=\"R\u00e9ouverture - La tour Morillon\" \/>\n<meta property=\"og:description\" content=\"Nous avons le plaisir de vous annoncer la REOUVERTURE du salon de th\u00e9 \u00e0 partir du vendredi 26 juin prochain ! Durant les semaines \u00e0 venir nous modifions l\u00e9g\u00e8rement nos jours d\u2019ouverture. Vous aurez le plaisir de vous rendre \u00e0 la Tour Morillon du vendredi au dimanche de 15h \u00e0 19h. Ce changement est provisoire, [&hellip;]\" \/>\n<meta property=\"og:url\" content=\"https:\/\/la-tour-morillon.fr\/index.php\/2020\/06\/23\/reouverture\/\" \/>\n<meta property=\"og:site_name\" content=\"La tour Morillon\" \/>\n<meta property=\"article:publisher\" content=\"https:\/\/www.facebook.com\/latourmorillon\/\" \/>\n<meta property=\"article:published_time\" content=\"2020-06-23T08:54:36+00:00\" \/>\n<meta property=\"article:modified_time\" content=\"2020-06-24T16:23:47+00:00\" \/>\n<meta property=\"og:image\" content=\"https:\/\/la-tour-morillon.fr\/wp-content\/uploads\/2020\/06\/D77D69D7-EB2F-4F1B-B251-8676E440D907.png\" \/>\n\t<meta property=\"og:image:width\" content=\"1080\" \/>\n\t<meta property=\"og:image:height\" content=\"1080\" \/>\n\t<meta property=\"og:image:type\" content=\"image\/png\" \/>\n<meta name=\"author\" content=\"admin7657\" \/>\n<meta name=\"twitter:card\" content=\"summary_large_image\" \/>\n<meta name=\"twitter:label1\" content=\"\u00c9crit par\" \/>\n\t<meta name=\"twitter:data1\" content=\"admin7657\" \/>\n\t<meta name=\"twitter:label2\" content=\"Dur\u00e9e de lecture estim\u00e9e\" \/>\n\t<meta name=\"twitter:data2\" content=\"2 minutes\" \/>\n<script type=\"application\/ld+json\" class=\"yoast-schema-graph\">{\"@context\":\"https:\/\/schema.org\",\"@graph\":[{\"@type\":\"Article\",\"@id\":\"https:\/\/la-tour-morillon.fr\/index.php\/2020\/06\/23\/reouverture\/#article\",\"isPartOf\":{\"@id\":\"https:\/\/la-tour-morillon.fr\/index.php\/2020\/06\/23\/reouverture\/\"},\"author\":{\"name\":\"admin7657\",\"@id\":\"https:\/\/la-tour-morillon.fr\/#\/schema\/person\/0e900830285429857b31809e32b8db80\"},\"headline\":\"R\u00e9ouverture\",\"datePublished\":\"2020-06-23T08:54:36+00:00\",\"dateModified\":\"2020-06-24T16:23:47+00:00\",\"mainEntityOfPage\":{\"@id\":\"https:\/\/la-tour-morillon.fr\/index.php\/2020\/06\/23\/reouverture\/\"},\"wordCount\":336,\"publisher\":{\"@id\":\"https:\/\/la-tour-morillon.fr\/#organization\"},\"image\":{\"@id\":\"https:\/\/la-tour-morillon.fr\/index.php\/2020\/06\/23\/reouverture\/#primaryimage\"},\"thumbnailUrl\":\"https:\/\/la-tour-morillon.fr\/wp-content\/uploads\/2020\/06\/D77D69D7-EB2F-4F1B-B251-8676E440D907.png\",\"articleSection\":[\"Informations pratiques\",\"salon de th\u00e9\"],\"inLanguage\":\"fr-FR\"},{\"@type\":\"WebPage\",\"@id\":\"https:\/\/la-tour-morillon.fr\/index.php\/2020\/06\/23\/reouverture\/\",\"url\":\"https:\/\/la-tour-morillon.fr\/index.php\/2020\/06\/23\/reouverture\/\",\"name\":\"R\u00e9ouverture - La tour Morillon\",\"isPartOf\":{\"@id\":\"https:\/\/la-tour-morillon.fr\/#website\"},\"primaryImageOfPage\":{\"@id\":\"https:\/\/la-tour-morillon.fr\/index.php\/2020\/06\/23\/reouverture\/#primaryimage\"},\"image\":{\"@id\":\"https:\/\/la-tour-morillon.fr\/index.php\/2020\/06\/23\/reouverture\/#primaryimage\"},\"thumbnailUrl\":\"https:\/\/la-tour-morillon.fr\/wp-content\/uploads\/2020\/06\/D77D69D7-EB2F-4F1B-B251-8676E440D907.png\",\"datePublished\":\"2020-06-23T08:54:36+00:00\",\"dateModified\":\"2020-06-24T16:23:47+00:00\",\"breadcrumb\":{\"@id\":\"https:\/\/la-tour-morillon.fr\/index.php\/2020\/06\/23\/reouverture\/#breadcrumb\"},\"inLanguage\":\"fr-FR\",\"potentialAction\":[{\"@type\":\"ReadAction\",\"target\":[\"https:\/\/la-tour-morillon.fr\/index.php\/2020\/06\/23\/reouverture\/\"]}]},{\"@type\":\"ImageObject\",\"inLanguage\":\"fr-FR\",\"@id\":\"https:\/\/la-tour-morillon.fr\/index.php\/2020\/06\/23\/reouverture\/#primaryimage\",\"url\":\"https:\/\/la-tour-morillon.fr\/wp-content\/uploads\/2020\/06\/D77D69D7-EB2F-4F1B-B251-8676E440D907.png\",\"contentUrl\":\"https:\/\/la-tour-morillon.fr\/wp-content\/uploads\/2020\/06\/D77D69D7-EB2F-4F1B-B251-8676E440D907.png\",\"width\":1080,\"height\":1080},{\"@type\":\"BreadcrumbList\",\"@id\":\"https:\/\/la-tour-morillon.fr\/index.php\/2020\/06\/23\/reouverture\/#breadcrumb\",\"itemListElement\":[{\"@type\":\"ListItem\",\"position\":1,\"name\":\"Accueil\",\"item\":\"https:\/\/la-tour-morillon.fr\/\"},{\"@type\":\"ListItem\",\"position\":2,\"name\":\"R\u00e9ouverture\"}]},{\"@type\":\"WebSite\",\"@id\":\"https:\/\/la-tour-morillon.fr\/#website\",\"url\":\"https:\/\/la-tour-morillon.fr\/\",\"name\":\"La tour Morillon\",\"description\":\"Salon de th\u00e9 \u00e0 Saint-Amand-Montrond\",\"publisher\":{\"@id\":\"https:\/\/la-tour-morillon.fr\/#organization\"},\"potentialAction\":[{\"@type\":\"SearchAction\",\"target\":{\"@type\":\"EntryPoint\",\"urlTemplate\":\"https:\/\/la-tour-morillon.fr\/?s={search_term_string}\"},\"query-input\":{\"@type\":\"PropertyValueSpecification\",\"valueRequired\":true,\"valueName\":\"search_term_string\"}}],\"inLanguage\":\"fr-FR\"},{\"@type\":\"Organization\",\"@id\":\"https:\/\/la-tour-morillon.fr\/#organization\",\"name\":\"Association La Tour Morillon\",\"url\":\"https:\/\/la-tour-morillon.fr\/\",\"logo\":{\"@type\":\"ImageObject\",\"inLanguage\":\"fr-FR\",\"@id\":\"https:\/\/la-tour-morillon.fr\/#\/schema\/logo\/image\/\",\"url\":\"https:\/\/la-tour-morillon.fr\/wp-content\/uploads\/2019\/03\/SDT-logo-noir.png\",\"contentUrl\":\"https:\/\/la-tour-morillon.fr\/wp-content\/uploads\/2019\/03\/SDT-logo-noir.png\",\"width\":1592,\"height\":1592,\"caption\":\"Association La Tour Morillon\"},\"image\":{\"@id\":\"https:\/\/la-tour-morillon.fr\/#\/schema\/logo\/image\/\"},\"sameAs\":[\"https:\/\/www.facebook.com\/latourmorillon\/\"]},{\"@type\":\"Person\",\"@id\":\"https:\/\/la-tour-morillon.fr\/#\/schema\/person\/0e900830285429857b31809e32b8db80\",\"name\":\"admin7657\",\"image\":{\"@type\":\"ImageObject\",\"inLanguage\":\"fr-FR\",\"@id\":\"https:\/\/la-tour-morillon.fr\/#\/schema\/person\/image\/\",\"url\":\"https:\/\/secure.gravatar.com\/avatar\/43770286d6231dbb0ec3245b2e9c57b4afadf38014e0a9cb547f03767f2f9573?s=96&d=mm&r=g\",\"contentUrl\":\"https:\/\/secure.gravatar.com\/avatar\/43770286d6231dbb0ec3245b2e9c57b4afadf38014e0a9cb547f03767f2f9573?s=96&d=mm&r=g\",\"caption\":\"admin7657\"}}]}<\/script>\n<!-- \/ Yoast SEO plugin. -->","yoast_head_json":{"title":"R\u00e9ouverture - La tour Morillon","robots":{"index":"index","follow":"follow","max-snippet":"max-snippet:-1","max-image-preview":"max-image-preview:large","max-video-preview":"max-video-preview:-1"},"canonical":"https:\/\/la-tour-morillon.fr\/index.php\/2020\/06\/23\/reouverture\/","og_locale":"fr_FR","og_type":"article","og_title":"R\u00e9ouverture - La tour Morillon","og_description":"Nous avons le plaisir de vous annoncer la REOUVERTURE du salon de th\u00e9 \u00e0 partir du vendredi 26 juin prochain ! Durant les semaines \u00e0 venir nous modifions l\u00e9g\u00e8rement nos jours d\u2019ouverture. Vous aurez le plaisir de vous rendre \u00e0 la Tour Morillon du vendredi au dimanche de 15h \u00e0 19h. Ce changement est provisoire, [&hellip;]","og_url":"https:\/\/la-tour-morillon.fr\/index.php\/2020\/06\/23\/reouverture\/","og_site_name":"La tour Morillon","article_publisher":"https:\/\/www.facebook.com\/latourmorillon\/","article_published_time":"2020-06-23T08:54:36+00:00","article_modified_time":"2020-06-24T16:23:47+00:00","og_image":[{"width":1080,"height":1080,"url":"https:\/\/la-tour-morillon.fr\/wp-content\/uploads\/2020\/06\/D77D69D7-EB2F-4F1B-B251-8676E440D907.png","type":"image\/png"}],"author":"admin7657","twitter_card":"summary_large_image","twitter_misc":{"\u00c9crit par":"admin7657","Dur\u00e9e de lecture estim\u00e9e":"2 minutes"},"schema":{"@context":"https:\/\/schema.org","@graph":[{"@type":"Article","@id":"https:\/\/la-tour-morillon.fr\/index.php\/2020\/06\/23\/reouverture\/#article","isPartOf":{"@id":"https:\/\/la-tour-morillon.fr\/index.php\/2020\/06\/23\/reouverture\/"},"author":{"name":"admin7657","@id":"https:\/\/la-tour-morillon.fr\/#\/schema\/person\/0e900830285429857b31809e32b8db80"},"headline":"R\u00e9ouverture","datePublished":"2020-06-23T08:54:36+00:00","dateModified":"2020-06-24T16:23:47+00:00","mainEntityOfPage":{"@id":"https:\/\/la-tour-morillon.fr\/index.php\/2020\/06\/23\/reouverture\/"},"wordCount":336,"publisher":{"@id":"https:\/\/la-tour-morillon.fr\/#organization"},"image":{"@id":"https:\/\/la-tour-morillon.fr\/index.php\/2020\/06\/23\/reouverture\/#primaryimage"},"thumbnailUrl":"https:\/\/la-tour-morillon.fr\/wp-content\/uploads\/2020\/06\/D77D69D7-EB2F-4F1B-B251-8676E440D907.png","articleSection":["Informations pratiques","salon de th\u00e9"],"inLanguage":"fr-FR"},{"@type":"WebPage","@id":"https:\/\/la-tour-morillon.fr\/index.php\/2020\/06\/23\/reouverture\/","url":"https:\/\/la-tour-morillon.fr\/index.php\/2020\/06\/23\/reouverture\/","name":"R\u00e9ouverture - La tour Morillon","isPartOf":{"@id":"https:\/\/la-tour-morillon.fr\/#website"},"primaryImageOfPage":{"@id":"https:\/\/la-tour-morillon.fr\/index.php\/2020\/06\/23\/reouverture\/#primaryimage"},"image":{"@id":"https:\/\/la-tour-morillon.fr\/index.php\/2020\/06\/23\/reouverture\/#primaryimage"},"thumbnailUrl":"https:\/\/la-tour-morillon.fr\/wp-content\/uploads\/2020\/06\/D77D69D7-EB2F-4F1B-B251-8676E440D907.png","datePublished":"2020-06-23T08:54:36+00:00","dateModified":"2020-06-24T16:23:47+00:00","breadcrumb":{"@id":"https:\/\/la-tour-morillon.fr\/index.php\/2020\/06\/23\/reouverture\/#breadcrumb"},"inLanguage":"fr-FR","potentialAction":[{"@type":"ReadAction","target":["https:\/\/la-tour-morillon.fr\/index.php\/2020\/06\/23\/reouverture\/"]}]},{"@type":"ImageObject","inLanguage":"fr-FR","@id":"https:\/\/la-tour-morillon.fr\/index.php\/2020\/06\/23\/reouverture\/#primaryimage","url":"https:\/\/la-tour-morillon.fr\/wp-content\/uploads\/2020\/06\/D77D69D7-EB2F-4F1B-B251-8676E440D907.png","contentUrl":"https:\/\/la-tour-morillon.fr\/wp-content\/uploads\/2020\/06\/D77D69D7-EB2F-4F1B-B251-8676E440D907.png","width":1080,"height":1080},{"@type":"BreadcrumbList","@id":"https:\/\/la-tour-morillon.fr\/index.php\/2020\/06\/23\/reouverture\/#breadcrumb","itemListElement":[{"@type":"ListItem","position":1,"name":"Accueil","item":"https:\/\/la-tour-morillon.fr\/"},{"@type":"ListItem","position":2,"name":"R\u00e9ouverture"}]},{"@type":"WebSite","@id":"https:\/\/la-tour-morillon.fr\/#website","url":"https:\/\/la-tour-morillon.fr\/","name":"La tour Morillon","description":"Salon de th\u00e9 \u00e0 Saint-Amand-Montrond","publisher":{"@id":"https:\/\/la-tour-morillon.fr\/#organization"},"potentialAction":[{"@type":"SearchAction","target":{"@type":"EntryPoint","urlTemplate":"https:\/\/la-tour-morillon.fr\/?s={search_term_string}"},"query-input":{"@type":"PropertyValueSpecification","valueRequired":true,"valueName":"search_term_string"}}],"inLanguage":"fr-FR"},{"@type":"Organization","@id":"https:\/\/la-tour-morillon.fr\/#organization","name":"Association La Tour Morillon","url":"https:\/\/la-tour-morillon.fr\/","logo":{"@type":"ImageObject","inLanguage":"fr-FR","@id":"https:\/\/la-tour-morillon.fr\/#\/schema\/logo\/image\/","url":"https:\/\/la-tour-morillon.fr\/wp-content\/uploads\/2019\/03\/SDT-logo-noir.png","contentUrl":"https:\/\/la-tour-morillon.fr\/wp-content\/uploads\/2019\/03\/SDT-logo-noir.png","width":1592,"height":1592,"caption":"Association La Tour Morillon"},"image":{"@id":"https:\/\/la-tour-morillon.fr\/#\/schema\/logo\/image\/"},"sameAs":["https:\/\/www.facebook.com\/latourmorillon\/"]},{"@type":"Person","@id":"https:\/\/la-tour-morillon.fr\/#\/schema\/person\/0e900830285429857b31809e32b8db80","name":"admin7657","image":{"@type":"ImageObject","inLanguage":"fr-FR","@id":"https:\/\/la-tour-morillon.fr\/#\/schema\/person\/image\/","url":"https:\/\/secure.gravatar.com\/avatar\/43770286d6231dbb0ec3245b2e9c57b4afadf38014e0a9cb547f03767f2f9573?s=96&d=mm&r=g","contentUrl":"https:\/\/secure.gravatar.com\/avatar\/43770286d6231dbb0ec3245b2e9c57b4afadf38014e0a9cb547f03767f2f9573?s=96&d=mm&r=g","caption":"admin7657"}}]}},"_links":{"self":[{"href":"https:\/\/la-tour-morillon.fr\/index.php\/wp-json\/wp\/v2\/posts\/1272","targetHints":{"allow":["GET"]}}],"collection":[{"href":"https:\/\/la-tour-morillon.fr\/index.php\/wp-json\/wp\/v2\/posts"}],"about":[{"href":"https:\/\/la-tour-morillon.fr\/index.php\/wp-json\/wp\/v2\/types\/post"}],"author":[{"embeddable":true,"href":"https:\/\/la-tour-morillon.fr\/index.php\/wp-json\/wp\/v2\/users\/1"}],"replies":[{"embeddable":true,"href":"https:\/\/la-tour-morillon.fr\/index.php\/wp-json\/wp\/v2\/comments?post=1272"}],"version-history":[{"count":3,"href":"https:\/\/la-tour-morillon.fr\/index.php\/wp-json\/wp\/v2\/posts\/1272\/revisions"}],"predecessor-version":[{"id":1276,"href":"https:\/\/la-tour-morillon.fr\/index.php\/wp-json\/wp\/v2\/posts\/1272\/revisions\/1276"}],"wp:featuredmedia":[{"embeddable":true,"href":"https:\/\/la-tour-morillon.fr\/index.php\/wp-json\/wp\/v2\/media\/1284"}],"wp:attachment":[{"href":"https:\/\/la-tour-morillon.fr\/index.php\/wp-json\/wp\/v2\/media?parent=1272"}],"wp:term":[{"taxonomy":"category","embeddable":true,"href":"https:\/\/la-tour-morillon.fr\/index.php\/wp-json\/wp\/v2\/categories?post=1272"},{"taxonomy":"post_tag","embeddable":true,"href":"https:\/\/la-tour-morillon.fr\/index.php\/wp-json\/wp\/v2\/tags?post=1272"}],"curies":[{"name":"wp","href":"https:\/\/api.w.org\/{rel}","templated":true}]}}