{"id":1694,"date":"2022-07-10T17:41:21","date_gmt":"2022-07-10T15:41:21","guid":{"rendered":"https:\/\/la-tour-morillon.fr\/?p=1694"},"modified":"2022-07-10T17:41:24","modified_gmt":"2022-07-10T15:41:24","slug":"nouvelle-exposition-2","status":"publish","type":"post","link":"https:\/\/la-tour-morillon.fr\/index.php\/2022\/07\/10\/nouvelle-exposition-2\/","title":{"rendered":"Nouvelle exposition"},"content":{"rendered":"<p>[et_pb_section fb_built=\u00a0\u00bb1&Prime; custom_padding_last_edited=\u00a0\u00bboff|desktop\u00a0\u00bb admin_label=\u00a0\u00bbHeader\u00a0\u00bb _builder_version=\u00a0\u00bb3.24&Prime; background_color_gradient_direction=\u00a0\u00bb188deg\u00a0\u00bb background_image=\u00a0\u00bbhttps:\/\/la-tour-morillon.fr\/wp-content\/uploads\/2020\/04\/art-gallery-55.jpg\u00a0\u00bb background_size=\u00a0\u00bbinitial\u00a0\u00bb background_repeat=\u00a0\u00bbrepeat\u00a0\u00bb width=\u00a0\u00bb100%\u00a0\u00bb custom_padding_tablet=\u00a0\u00bb5vw||5vw||true\u00a0\u00bb][et_pb_row use_custom_gutter=\u00a0\u00bbon\u00a0\u00bb gutter_width=\u00a0\u00bb2&Prime; make_equal=\u00a0\u00bbon\u00a0\u00bb _builder_version=\u00a0\u00bb3.25&Prime; use_custom_width=\u00a0\u00bbon\u00a0\u00bb width_unit=\u00a0\u00bboff\u00a0\u00bb custom_width_percent=\u00a0\u00bb100%\u00a0\u00bb locked=\u00a0\u00bboff\u00a0\u00bb column_structure=\u00a0\u00bb2_5,3_5&Prime;][et_pb_column type=\u00a0\u00bb2_5&Prime; _builder_version=\u00a0\u00bb3.25&Prime; custom_padding=\u00a0\u00bb|||\u00a0\u00bb custom_padding__hover=\u00a0\u00bb|||\u00a0\u00bb][et_pb_text _builder_version=\u00a0\u00bb4.6.5&Prime; text_font=\u00a0\u00bb||||||||\u00a0\u00bb header_font=\u00a0\u00bb||||||||\u00a0\u00bb header_2_font=\u00a0\u00bbPrata|500|||||||\u00a0\u00bb header_2_text_align=\u00a0\u00bbleft\u00a0\u00bb header_2_font_size=\u00a0\u00bb56px\u00a0\u00bb header_2_line_height=\u00a0\u00bb1.3em\u00a0\u00bb header_4_font=\u00a0\u00bb|700|||||||\u00a0\u00bb header_4_font_size=\u00a0\u00bb20px\u00a0\u00bb header_4_line_height=\u00a0\u00bb1.2em\u00a0\u00bb transform_translate_linked=\u00a0\u00bboff\u00a0\u00bb max_width=\u00a0\u00bb100%\u00a0\u00bb max_width_tablet=\u00a0\u00bb70%\u00a0\u00bb max_width_last_edited=\u00a0\u00bboff|phone\u00a0\u00bb hover_enabled=\u00a0\u00bb0&Prime; header_2_font_size_tablet=\u00a0\u00bb40px\u00a0\u00bb header_2_font_size_phone=\u00a0\u00bb26px\u00a0\u00bb header_2_font_size_last_edited=\u00a0\u00bbon|desktop\u00a0\u00bb sticky_enabled=\u00a0\u00bb0&Prime;]<\/p>\n<h2>Exposition<\/h2>\n<p>[\/et_pb_text][\/et_pb_column][et_pb_column type=\u00a0\u00bb3_5&Prime; _builder_version=\u00a0\u00bb3.25&Prime; custom_padding=\u00a0\u00bb|||\u00a0\u00bb custom_padding__hover=\u00a0\u00bb|||\u00a0\u00bb][et_pb_text _builder_version=\u00a0\u00bb4.6.5&Prime; text_font=\u00a0\u00bb||||||||\u00a0\u00bb header_font=\u00a0\u00bb|700|||||||\u00a0\u00bb header_font_size=\u00a0\u00bb20px\u00a0\u00bb header_line_height=\u00a0\u00bb1.3em\u00a0\u00bb header_2_font=\u00a0\u00bb|700|||||||\u00a0\u00bb header_2_font_size=\u00a0\u00bb20px\u00a0\u00bb header_2_line_height=\u00a0\u00bb1.3em\u00a0\u00bb header_3_font=\u00a0\u00bb|700|||||||\u00a0\u00bb header_3_font_size=\u00a0\u00bb16px\u00a0\u00bb header_3_line_height=\u00a0\u00bb1.3em\u00a0\u00bb hover_enabled=\u00a0\u00bb0&Prime; header_font_size_tablet=\u00a0\u00bb\u00a0\u00bb header_font_size_phone=\u00a0\u00bb\u00a0\u00bb header_font_size_last_edited=\u00a0\u00bbon|desktop\u00a0\u00bb locked=\u00a0\u00bboff\u00a0\u00bb sticky_enabled=\u00a0\u00bb0&Prime;]<\/p>\n<h2>Plein cuir, tout papier<\/h2>\n<h2><span style=\"font-size: 16px;\">Reliures d&rsquo;Isabelle Jean<\/span><\/h2>\n<p>Cet \u00e9t\u00e9 la galerie de la Tour Morillon met pour la premi\u00e8re fois \u00e0 l&rsquo;honneur la <strong>reliure<\/strong> !<\/p>\n<p>Venez d\u00e9couvrir les livres reli\u00e9s et papiers color\u00e9s d&rsquo;Isabelle Jean, tous les samedis et dimanches du 16 juillet au 18 septembre 2022.<\/p>\n<p>[\/et_pb_text][\/et_pb_column][\/et_pb_row][et_pb_row _builder_version=\u00a0\u00bb3.25&Prime; column_structure=\u00a0\u00bb3_4,1_4&Prime;][et_pb_column type=\u00a0\u00bb3_4&Prime; _builder_version=\u00a0\u00bb3.25&Prime; custom_padding=\u00a0\u00bb|||\u00a0\u00bb custom_padding__hover=\u00a0\u00bb|||\u00a0\u00bb][et_pb_image src=\u00a0\u00bbhttps:\/\/la-tour-morillon.fr\/wp-content\/uploads\/2022\/07\/expo-Isabelle-JEAN-reseaux_Plan-de-travail-1.png\u00a0\u00bb _builder_version=\u00a0\u00bb4.6.5&Prime; hover_enabled=\u00a0\u00bb0&Prime; title_text=\u00a0\u00bbexpo-Isabelle-JEAN-r\u00e9seaux_Plan de travail 1&Prime; sticky_enabled=\u00a0\u00bb0&Prime;][\/et_pb_image][\/et_pb_column][et_pb_column type=\u00a0\u00bb1_4&Prime; _builder_version=\u00a0\u00bb3.25&Prime; custom_padding=\u00a0\u00bb|||\u00a0\u00bb custom_padding__hover=\u00a0\u00bb|||\u00a0\u00bb][et_pb_text _builder_version=\u00a0\u00bb4.6.5&Prime; text_font=\u00a0\u00bb||||||||\u00a0\u00bb header_font=\u00a0\u00bb||||||||\u00a0\u00bb header_2_font=\u00a0\u00bbPrata|500|||||||\u00a0\u00bb header_2_text_align=\u00a0\u00bbleft\u00a0\u00bb header_2_font_size=\u00a0\u00bb56px\u00a0\u00bb header_2_line_height=\u00a0\u00bb1.3em\u00a0\u00bb header_4_font=\u00a0\u00bb|700|||||||\u00a0\u00bb header_4_font_size=\u00a0\u00bb16px\u00a0\u00bb header_4_line_height=\u00a0\u00bb1.2em\u00a0\u00bb transform_translate_linked=\u00a0\u00bboff\u00a0\u00bb max_width=\u00a0\u00bb700px\u00a0\u00bb max_width_tablet=\u00a0\u00bb70%\u00a0\u00bb max_width_last_edited=\u00a0\u00bboff|phone\u00a0\u00bb hover_enabled=\u00a0\u00bb0&Prime; header_2_font_size_tablet=\u00a0\u00bb40px\u00a0\u00bb header_2_font_size_phone=\u00a0\u00bb26px\u00a0\u00bb header_2_font_size_last_edited=\u00a0\u00bbon|desktop\u00a0\u00bb locked=\u00a0\u00bboff\u00a0\u00bb sticky_enabled=\u00a0\u00bb0&Prime;]<\/p>\n<h4>16 juill. &#8211; 18 sept. 2022<\/h4>\n<p>[\/et_pb_text][et_pb_text _builder_version=\u00a0\u00bb4.6.5&Prime; text_font=\u00a0\u00bb||on||||||\u00a0\u00bb text_font_size=\u00a0\u00bb10px\u00a0\u00bb text_line_height=\u00a0\u00bb1.4em\u00a0\u00bb header_font=\u00a0\u00bb|700|||||||\u00a0\u00bb header_font_size=\u00a0\u00bb20px\u00a0\u00bb header_line_height=\u00a0\u00bb1.3em\u00a0\u00bb header_3_font=\u00a0\u00bb|700|||||||\u00a0\u00bb header_3_font_size=\u00a0\u00bb20px\u00a0\u00bb header_3_line_height=\u00a0\u00bb1.3em\u00a0\u00bb hover_enabled=\u00a0\u00bb0&Prime; header_font_size_tablet=\u00a0\u00bb\u00a0\u00bb header_font_size_phone=\u00a0\u00bb\u00a0\u00bb header_font_size_last_edited=\u00a0\u00bbon|desktop\u00a0\u00bb locked=\u00a0\u00bboff\u00a0\u00bb sticky_enabled=\u00a0\u00bb0&Prime;]<\/p>\n<p>Entr\u00e9e libre par le salon de th\u00e9.<\/p>\n<p>[\/et_pb_text][\/et_pb_column][\/et_pb_row][\/et_pb_section]<\/p>\n","protected":false},"excerpt":{"rendered":"<p>Exposition Plein cuir, tout papier Reliures d&rsquo;Isabelle Jean Cet \u00e9t\u00e9 la galerie de la Tour Morillon met pour la premi\u00e8re fois \u00e0 l&rsquo;honneur la reliure ! Venez d\u00e9couvrir les livres reli\u00e9s et papiers color\u00e9s d&rsquo;Isabelle Jean, tous les samedis et dimanches du 16 juillet au 18 septembre 2022. 16 juill. &#8211; 18 sept. 2022 Entr\u00e9e [&hellip;]<\/p>\n","protected":false},"author":1,"featured_media":1666,"comment_status":"closed","ping_status":"closed","sticky":false,"template":"","format":"standard","meta":{"_et_pb_use_builder":"on","_et_pb_old_content":"","_et_gb_content_width":"1080","footnotes":""},"categories":[20,17,26],"tags":[28,30],"class_list":["post-1694","post","type-post","status-publish","format-standard","has-post-thumbnail","hentry","category-evenements","category-expositions","category-galerie","tag-exposition","tag-galerie"],"yoast_head":"<!-- This site is optimized with the Yoast SEO plugin v25.2 - https:\/\/yoast.com\/wordpress\/plugins\/seo\/ -->\n<title>Nouvelle exposition - La tour Morillon<\/title>\n<meta name=\"robots\" content=\"index, follow, max-snippet:-1, max-image-preview:large, max-video-preview:-1\" \/>\n<link rel=\"canonical\" href=\"https:\/\/la-tour-morillon.fr\/index.php\/2022\/07\/10\/nouvelle-exposition-2\/\" \/>\n<meta property=\"og:locale\" content=\"fr_FR\" \/>\n<meta property=\"og:type\" content=\"article\" \/>\n<meta property=\"og:title\" content=\"Nouvelle exposition - La tour Morillon\" \/>\n<meta property=\"og:description\" content=\"Exposition Plein cuir, tout papier Reliures d&#039;Isabelle Jean Cet \u00e9t\u00e9 la galerie de la Tour Morillon met pour la premi\u00e8re fois \u00e0 l&#039;honneur la reliure ! Venez d\u00e9couvrir les livres reli\u00e9s et papiers color\u00e9s d&#039;Isabelle Jean, tous les samedis et dimanches du 16 juillet au 18 septembre 2022. 16 juill. - 18 sept. 2022 Entr\u00e9e [&hellip;]\" \/>\n<meta property=\"og:url\" content=\"https:\/\/la-tour-morillon.fr\/index.php\/2022\/07\/10\/nouvelle-exposition-2\/\" \/>\n<meta property=\"og:site_name\" content=\"La tour Morillon\" \/>\n<meta property=\"article:publisher\" content=\"https:\/\/www.facebook.com\/latourmorillon\/\" \/>\n<meta property=\"article:published_time\" content=\"2022-07-10T15:41:21+00:00\" \/>\n<meta property=\"article:modified_time\" content=\"2022-07-10T15:41:24+00:00\" \/>\n<meta property=\"og:image\" content=\"https:\/\/la-tour-morillon.fr\/wp-content\/uploads\/2022\/07\/expo-Isabelle-JEAN-reseaux_Plan-de-travail-1.png\" \/>\n\t<meta property=\"og:image:width\" content=\"1772\" \/>\n\t<meta property=\"og:image:height\" content=\"1772\" \/>\n\t<meta property=\"og:image:type\" content=\"image\/png\" \/>\n<meta name=\"author\" content=\"admin7657\" \/>\n<meta name=\"twitter:card\" content=\"summary_large_image\" \/>\n<meta name=\"twitter:label1\" content=\"\u00c9crit par\" \/>\n\t<meta name=\"twitter:data1\" content=\"admin7657\" \/>\n\t<meta name=\"twitter:label2\" content=\"Dur\u00e9e de lecture estim\u00e9e\" \/>\n\t<meta name=\"twitter:data2\" content=\"2 minutes\" \/>\n<script type=\"application\/ld+json\" class=\"yoast-schema-graph\">{\"@context\":\"https:\/\/schema.org\",\"@graph\":[{\"@type\":\"Article\",\"@id\":\"https:\/\/la-tour-morillon.fr\/index.php\/2022\/07\/10\/nouvelle-exposition-2\/#article\",\"isPartOf\":{\"@id\":\"https:\/\/la-tour-morillon.fr\/index.php\/2022\/07\/10\/nouvelle-exposition-2\/\"},\"author\":{\"name\":\"admin7657\",\"@id\":\"https:\/\/la-tour-morillon.fr\/#\/schema\/person\/0e900830285429857b31809e32b8db80\"},\"headline\":\"Nouvelle exposition\",\"datePublished\":\"2022-07-10T15:41:21+00:00\",\"dateModified\":\"2022-07-10T15:41:24+00:00\",\"mainEntityOfPage\":{\"@id\":\"https:\/\/la-tour-morillon.fr\/index.php\/2022\/07\/10\/nouvelle-exposition-2\/\"},\"wordCount\":504,\"publisher\":{\"@id\":\"https:\/\/la-tour-morillon.fr\/#organization\"},\"image\":{\"@id\":\"https:\/\/la-tour-morillon.fr\/index.php\/2022\/07\/10\/nouvelle-exposition-2\/#primaryimage\"},\"thumbnailUrl\":\"https:\/\/la-tour-morillon.fr\/wp-content\/uploads\/2022\/07\/expo-Isabelle-JEAN-reseaux_Plan-de-travail-1.png\",\"keywords\":[\"exposition\",\"galerie\"],\"articleSection\":[\"Ev\u00e8nements\",\"Expositions\",\"galerie\"],\"inLanguage\":\"fr-FR\"},{\"@type\":\"WebPage\",\"@id\":\"https:\/\/la-tour-morillon.fr\/index.php\/2022\/07\/10\/nouvelle-exposition-2\/\",\"url\":\"https:\/\/la-tour-morillon.fr\/index.php\/2022\/07\/10\/nouvelle-exposition-2\/\",\"name\":\"Nouvelle exposition - La tour Morillon\",\"isPartOf\":{\"@id\":\"https:\/\/la-tour-morillon.fr\/#website\"},\"primaryImageOfPage\":{\"@id\":\"https:\/\/la-tour-morillon.fr\/index.php\/2022\/07\/10\/nouvelle-exposition-2\/#primaryimage\"},\"image\":{\"@id\":\"https:\/\/la-tour-morillon.fr\/index.php\/2022\/07\/10\/nouvelle-exposition-2\/#primaryimage\"},\"thumbnailUrl\":\"https:\/\/la-tour-morillon.fr\/wp-content\/uploads\/2022\/07\/expo-Isabelle-JEAN-reseaux_Plan-de-travail-1.png\",\"datePublished\":\"2022-07-10T15:41:21+00:00\",\"dateModified\":\"2022-07-10T15:41:24+00:00\",\"breadcrumb\":{\"@id\":\"https:\/\/la-tour-morillon.fr\/index.php\/2022\/07\/10\/nouvelle-exposition-2\/#breadcrumb\"},\"inLanguage\":\"fr-FR\",\"potentialAction\":[{\"@type\":\"ReadAction\",\"target\":[\"https:\/\/la-tour-morillon.fr\/index.php\/2022\/07\/10\/nouvelle-exposition-2\/\"]}]},{\"@type\":\"ImageObject\",\"inLanguage\":\"fr-FR\",\"@id\":\"https:\/\/la-tour-morillon.fr\/index.php\/2022\/07\/10\/nouvelle-exposition-2\/#primaryimage\",\"url\":\"https:\/\/la-tour-morillon.fr\/wp-content\/uploads\/2022\/07\/expo-Isabelle-JEAN-reseaux_Plan-de-travail-1.png\",\"contentUrl\":\"https:\/\/la-tour-morillon.fr\/wp-content\/uploads\/2022\/07\/expo-Isabelle-JEAN-reseaux_Plan-de-travail-1.png\",\"width\":1772,\"height\":1772},{\"@type\":\"BreadcrumbList\",\"@id\":\"https:\/\/la-tour-morillon.fr\/index.php\/2022\/07\/10\/nouvelle-exposition-2\/#breadcrumb\",\"itemListElement\":[{\"@type\":\"ListItem\",\"position\":1,\"name\":\"Accueil\",\"item\":\"https:\/\/la-tour-morillon.fr\/\"},{\"@type\":\"ListItem\",\"position\":2,\"name\":\"Nouvelle exposition\"}]},{\"@type\":\"WebSite\",\"@id\":\"https:\/\/la-tour-morillon.fr\/#website\",\"url\":\"https:\/\/la-tour-morillon.fr\/\",\"name\":\"La tour Morillon\",\"description\":\"Salon de th\u00e9 \u00e0 Saint-Amand-Montrond\",\"publisher\":{\"@id\":\"https:\/\/la-tour-morillon.fr\/#organization\"},\"potentialAction\":[{\"@type\":\"SearchAction\",\"target\":{\"@type\":\"EntryPoint\",\"urlTemplate\":\"https:\/\/la-tour-morillon.fr\/?s={search_term_string}\"},\"query-input\":{\"@type\":\"PropertyValueSpecification\",\"valueRequired\":true,\"valueName\":\"search_term_string\"}}],\"inLanguage\":\"fr-FR\"},{\"@type\":\"Organization\",\"@id\":\"https:\/\/la-tour-morillon.fr\/#organization\",\"name\":\"Association La Tour Morillon\",\"url\":\"https:\/\/la-tour-morillon.fr\/\",\"logo\":{\"@type\":\"ImageObject\",\"inLanguage\":\"fr-FR\",\"@id\":\"https:\/\/la-tour-morillon.fr\/#\/schema\/logo\/image\/\",\"url\":\"https:\/\/la-tour-morillon.fr\/wp-content\/uploads\/2019\/03\/SDT-logo-noir.png\",\"contentUrl\":\"https:\/\/la-tour-morillon.fr\/wp-content\/uploads\/2019\/03\/SDT-logo-noir.png\",\"width\":1592,\"height\":1592,\"caption\":\"Association La Tour Morillon\"},\"image\":{\"@id\":\"https:\/\/la-tour-morillon.fr\/#\/schema\/logo\/image\/\"},\"sameAs\":[\"https:\/\/www.facebook.com\/latourmorillon\/\"]},{\"@type\":\"Person\",\"@id\":\"https:\/\/la-tour-morillon.fr\/#\/schema\/person\/0e900830285429857b31809e32b8db80\",\"name\":\"admin7657\",\"image\":{\"@type\":\"ImageObject\",\"inLanguage\":\"fr-FR\",\"@id\":\"https:\/\/la-tour-morillon.fr\/#\/schema\/person\/image\/\",\"url\":\"https:\/\/secure.gravatar.com\/avatar\/43770286d6231dbb0ec3245b2e9c57b4afadf38014e0a9cb547f03767f2f9573?s=96&d=mm&r=g\",\"contentUrl\":\"https:\/\/secure.gravatar.com\/avatar\/43770286d6231dbb0ec3245b2e9c57b4afadf38014e0a9cb547f03767f2f9573?s=96&d=mm&r=g\",\"caption\":\"admin7657\"}}]}<\/script>\n<!-- \/ Yoast SEO plugin. -->","yoast_head_json":{"title":"Nouvelle exposition - La tour Morillon","robots":{"index":"index","follow":"follow","max-snippet":"max-snippet:-1","max-image-preview":"max-image-preview:large","max-video-preview":"max-video-preview:-1"},"canonical":"https:\/\/la-tour-morillon.fr\/index.php\/2022\/07\/10\/nouvelle-exposition-2\/","og_locale":"fr_FR","og_type":"article","og_title":"Nouvelle exposition - La tour Morillon","og_description":"Exposition Plein cuir, tout papier Reliures d'Isabelle Jean Cet \u00e9t\u00e9 la galerie de la Tour Morillon met pour la premi\u00e8re fois \u00e0 l'honneur la reliure ! Venez d\u00e9couvrir les livres reli\u00e9s et papiers color\u00e9s d'Isabelle Jean, tous les samedis et dimanches du 16 juillet au 18 septembre 2022. 16 juill. - 18 sept. 2022 Entr\u00e9e [&hellip;]","og_url":"https:\/\/la-tour-morillon.fr\/index.php\/2022\/07\/10\/nouvelle-exposition-2\/","og_site_name":"La tour Morillon","article_publisher":"https:\/\/www.facebook.com\/latourmorillon\/","article_published_time":"2022-07-10T15:41:21+00:00","article_modified_time":"2022-07-10T15:41:24+00:00","og_image":[{"width":1772,"height":1772,"url":"https:\/\/la-tour-morillon.fr\/wp-content\/uploads\/2022\/07\/expo-Isabelle-JEAN-reseaux_Plan-de-travail-1.png","type":"image\/png"}],"author":"admin7657","twitter_card":"summary_large_image","twitter_misc":{"\u00c9crit par":"admin7657","Dur\u00e9e de lecture estim\u00e9e":"2 minutes"},"schema":{"@context":"https:\/\/schema.org","@graph":[{"@type":"Article","@id":"https:\/\/la-tour-morillon.fr\/index.php\/2022\/07\/10\/nouvelle-exposition-2\/#article","isPartOf":{"@id":"https:\/\/la-tour-morillon.fr\/index.php\/2022\/07\/10\/nouvelle-exposition-2\/"},"author":{"name":"admin7657","@id":"https:\/\/la-tour-morillon.fr\/#\/schema\/person\/0e900830285429857b31809e32b8db80"},"headline":"Nouvelle exposition","datePublished":"2022-07-10T15:41:21+00:00","dateModified":"2022-07-10T15:41:24+00:00","mainEntityOfPage":{"@id":"https:\/\/la-tour-morillon.fr\/index.php\/2022\/07\/10\/nouvelle-exposition-2\/"},"wordCount":504,"publisher":{"@id":"https:\/\/la-tour-morillon.fr\/#organization"},"image":{"@id":"https:\/\/la-tour-morillon.fr\/index.php\/2022\/07\/10\/nouvelle-exposition-2\/#primaryimage"},"thumbnailUrl":"https:\/\/la-tour-morillon.fr\/wp-content\/uploads\/2022\/07\/expo-Isabelle-JEAN-reseaux_Plan-de-travail-1.png","keywords":["exposition","galerie"],"articleSection":["Ev\u00e8nements","Expositions","galerie"],"inLanguage":"fr-FR"},{"@type":"WebPage","@id":"https:\/\/la-tour-morillon.fr\/index.php\/2022\/07\/10\/nouvelle-exposition-2\/","url":"https:\/\/la-tour-morillon.fr\/index.php\/2022\/07\/10\/nouvelle-exposition-2\/","name":"Nouvelle exposition - La tour Morillon","isPartOf":{"@id":"https:\/\/la-tour-morillon.fr\/#website"},"primaryImageOfPage":{"@id":"https:\/\/la-tour-morillon.fr\/index.php\/2022\/07\/10\/nouvelle-exposition-2\/#primaryimage"},"image":{"@id":"https:\/\/la-tour-morillon.fr\/index.php\/2022\/07\/10\/nouvelle-exposition-2\/#primaryimage"},"thumbnailUrl":"https:\/\/la-tour-morillon.fr\/wp-content\/uploads\/2022\/07\/expo-Isabelle-JEAN-reseaux_Plan-de-travail-1.png","datePublished":"2022-07-10T15:41:21+00:00","dateModified":"2022-07-10T15:41:24+00:00","breadcrumb":{"@id":"https:\/\/la-tour-morillon.fr\/index.php\/2022\/07\/10\/nouvelle-exposition-2\/#breadcrumb"},"inLanguage":"fr-FR","potentialAction":[{"@type":"ReadAction","target":["https:\/\/la-tour-morillon.fr\/index.php\/2022\/07\/10\/nouvelle-exposition-2\/"]}]},{"@type":"ImageObject","inLanguage":"fr-FR","@id":"https:\/\/la-tour-morillon.fr\/index.php\/2022\/07\/10\/nouvelle-exposition-2\/#primaryimage","url":"https:\/\/la-tour-morillon.fr\/wp-content\/uploads\/2022\/07\/expo-Isabelle-JEAN-reseaux_Plan-de-travail-1.png","contentUrl":"https:\/\/la-tour-morillon.fr\/wp-content\/uploads\/2022\/07\/expo-Isabelle-JEAN-reseaux_Plan-de-travail-1.png","width":1772,"height":1772},{"@type":"BreadcrumbList","@id":"https:\/\/la-tour-morillon.fr\/index.php\/2022\/07\/10\/nouvelle-exposition-2\/#breadcrumb","itemListElement":[{"@type":"ListItem","position":1,"name":"Accueil","item":"https:\/\/la-tour-morillon.fr\/"},{"@type":"ListItem","position":2,"name":"Nouvelle exposition"}]},{"@type":"WebSite","@id":"https:\/\/la-tour-morillon.fr\/#website","url":"https:\/\/la-tour-morillon.fr\/","name":"La tour Morillon","description":"Salon de th\u00e9 \u00e0 Saint-Amand-Montrond","publisher":{"@id":"https:\/\/la-tour-morillon.fr\/#organization"},"potentialAction":[{"@type":"SearchAction","target":{"@type":"EntryPoint","urlTemplate":"https:\/\/la-tour-morillon.fr\/?s={search_term_string}"},"query-input":{"@type":"PropertyValueSpecification","valueRequired":true,"valueName":"search_term_string"}}],"inLanguage":"fr-FR"},{"@type":"Organization","@id":"https:\/\/la-tour-morillon.fr\/#organization","name":"Association La Tour Morillon","url":"https:\/\/la-tour-morillon.fr\/","logo":{"@type":"ImageObject","inLanguage":"fr-FR","@id":"https:\/\/la-tour-morillon.fr\/#\/schema\/logo\/image\/","url":"https:\/\/la-tour-morillon.fr\/wp-content\/uploads\/2019\/03\/SDT-logo-noir.png","contentUrl":"https:\/\/la-tour-morillon.fr\/wp-content\/uploads\/2019\/03\/SDT-logo-noir.png","width":1592,"height":1592,"caption":"Association La Tour Morillon"},"image":{"@id":"https:\/\/la-tour-morillon.fr\/#\/schema\/logo\/image\/"},"sameAs":["https:\/\/www.facebook.com\/latourmorillon\/"]},{"@type":"Person","@id":"https:\/\/la-tour-morillon.fr\/#\/schema\/person\/0e900830285429857b31809e32b8db80","name":"admin7657","image":{"@type":"ImageObject","inLanguage":"fr-FR","@id":"https:\/\/la-tour-morillon.fr\/#\/schema\/person\/image\/","url":"https:\/\/secure.gravatar.com\/avatar\/43770286d6231dbb0ec3245b2e9c57b4afadf38014e0a9cb547f03767f2f9573?s=96&d=mm&r=g","contentUrl":"https:\/\/secure.gravatar.com\/avatar\/43770286d6231dbb0ec3245b2e9c57b4afadf38014e0a9cb547f03767f2f9573?s=96&d=mm&r=g","caption":"admin7657"}}]}},"_links":{"self":[{"href":"https:\/\/la-tour-morillon.fr\/index.php\/wp-json\/wp\/v2\/posts\/1694","targetHints":{"allow":["GET"]}}],"collection":[{"href":"https:\/\/la-tour-morillon.fr\/index.php\/wp-json\/wp\/v2\/posts"}],"about":[{"href":"https:\/\/la-tour-morillon.fr\/index.php\/wp-json\/wp\/v2\/types\/post"}],"author":[{"embeddable":true,"href":"https:\/\/la-tour-morillon.fr\/index.php\/wp-json\/wp\/v2\/users\/1"}],"replies":[{"embeddable":true,"href":"https:\/\/la-tour-morillon.fr\/index.php\/wp-json\/wp\/v2\/comments?post=1694"}],"version-history":[{"count":4,"href":"https:\/\/la-tour-morillon.fr\/index.php\/wp-json\/wp\/v2\/posts\/1694\/revisions"}],"predecessor-version":[{"id":1704,"href":"https:\/\/la-tour-morillon.fr\/index.php\/wp-json\/wp\/v2\/posts\/1694\/revisions\/1704"}],"wp:featuredmedia":[{"embeddable":true,"href":"https:\/\/la-tour-morillon.fr\/index.php\/wp-json\/wp\/v2\/media\/1666"}],"wp:attachment":[{"href":"https:\/\/la-tour-morillon.fr\/index.php\/wp-json\/wp\/v2\/media?parent=1694"}],"wp:term":[{"taxonomy":"category","embeddable":true,"href":"https:\/\/la-tour-morillon.fr\/index.php\/wp-json\/wp\/v2\/categories?post=1694"},{"taxonomy":"post_tag","embeddable":true,"href":"https:\/\/la-tour-morillon.fr\/index.php\/wp-json\/wp\/v2\/tags?post=1694"}],"curies":[{"name":"wp","href":"https:\/\/api.w.org\/{rel}","templated":true}]}}