{"id":1743,"date":"2022-09-28T20:06:00","date_gmt":"2022-09-28T18:06:00","guid":{"rendered":"https:\/\/la-tour-morillon.fr\/?p=1743"},"modified":"2022-09-28T20:09:47","modified_gmt":"2022-09-28T18:09:47","slug":"nouveaux-horaires","status":"publish","type":"post","link":"https:\/\/la-tour-morillon.fr\/index.php\/2022\/09\/28\/nouveaux-horaires\/","title":{"rendered":"Nouveaux horaires"},"content":{"rendered":"<p>[et_pb_section fb_built=\u00a0\u00bb1&Prime; _builder_version=\u00a0\u00bb4.6.5&Prime; _module_preset=\u00a0\u00bbdefault\u00a0\u00bb][et_pb_row _builder_version=\u00a0\u00bb4.6.5&Prime; _module_preset=\u00a0\u00bbdefault\u00a0\u00bb column_structure=\u00a0\u00bb2_5,3_5&Prime;][et_pb_column _builder_version=\u00a0\u00bb4.6.5&Prime; _module_preset=\u00a0\u00bbdefault\u00a0\u00bb type=\u00a0\u00bb2_5&Prime;][et_pb_image src=\u00a0\u00bbhttps:\/\/la-tour-morillon.fr\/wp-content\/uploads\/2020\/04\/tasseth\u00e9.png\u00a0\u00bb _builder_version=\u00a0\u00bb4.6.5&Prime; _module_preset=\u00a0\u00bbdefault\u00a0\u00bb title_text=\u00a0\u00bbtasseth\u00e9\u00a0\u00bb hover_enabled=\u00a0\u00bb0&Prime; sticky_enabled=\u00a0\u00bb0&Prime;][\/et_pb_image][\/et_pb_column][et_pb_column _builder_version=\u00a0\u00bb4.6.5&Prime; _module_preset=\u00a0\u00bbdefault\u00a0\u00bb type=\u00a0\u00bb3_5&Prime;][et_pb_text admin_label=\u00a0\u00bbText\u00a0\u00bb _builder_version=\u00a0\u00bb4.6.5&Prime; text_font_size=\u00a0\u00bb21px\u00a0\u00bb text_letter_spacing=\u00a0\u00bb1px\u00a0\u00bb background_size=\u00a0\u00bbinitial\u00a0\u00bb background_position=\u00a0\u00bbtop_left\u00a0\u00bb background_repeat=\u00a0\u00bbrepeat\u00a0\u00bb]<\/p>\n<p><!-- divi:paragraph --><\/p>\n<h4 style=\"text-align: justify;\">Le salon de th\u00e9 et la galerie la Tour Morillon adoptent leurs horaires d&rsquo;hiver \u00e0 partir du 1er octobre prochain.<\/h4>\n<p style=\"text-align: justify;\">Nous aurons d\u00e9sormais le plaisir de vous accueillir le jeudi, le vendredi et le samedi de 15h \u00e0 18h30. Le salon de th\u00e9 et la galerie seront ferm\u00e9s du dimanche au mercredi.<\/p>\n<p style=\"text-align: justify;\">A bient\u00f4t \u00e0 la Tour Morillon !<\/p>\n<p><!-- \/divi:paragraph --><\/p>\n<p>[\/et_pb_text][\/et_pb_column][\/et_pb_row][\/et_pb_section]<\/p>\n","protected":false},"excerpt":{"rendered":"<p>Le salon de th\u00e9 et la galerie la Tour Morillon adoptent leurs horaires d&rsquo;hiver \u00e0 partir du 1er octobre prochain. Nous aurons d\u00e9sormais le plaisir de vous accueillir le jeudi, le vendredi et le samedi de 15h \u00e0 18h30. Le salon de th\u00e9 et la galerie seront ferm\u00e9s du dimanche au mercredi. A bient\u00f4t \u00e0 [&hellip;]<\/p>\n","protected":false},"author":1,"featured_media":735,"comment_status":"closed","ping_status":"closed","sticky":false,"template":"","format":"standard","meta":{"_et_pb_use_builder":"on","_et_pb_old_content":"<!-- wp:paragraph -->\n<p>Le salon de th\u00e9 la Tour Morillon met \u00e0 jour ses horaires \u00e0 partir du 1er octobre prochain.<\/p>\n<!-- \/wp:paragraph -->\n\n<!-- wp:paragraph -->\n<p>Nous vous accueillerons d\u00e9sormais les jeudis, vendredis et samedis de 15h \u00e0 18h30 !<\/p>\n<!-- \/wp:paragraph -->","_et_gb_content_width":"","footnotes":""},"categories":[26,19,25],"tags":[],"class_list":["post-1743","post","type-post","status-publish","format-standard","has-post-thumbnail","hentry","category-galerie","category-informations-pratiques","category-salon-de-the"],"yoast_head":"<!-- This site is optimized with the Yoast SEO plugin v25.2 - https:\/\/yoast.com\/wordpress\/plugins\/seo\/ -->\n<title>Nouveaux horaires - La tour Morillon<\/title>\n<meta name=\"robots\" content=\"index, follow, max-snippet:-1, max-image-preview:large, max-video-preview:-1\" \/>\n<link rel=\"canonical\" href=\"https:\/\/la-tour-morillon.fr\/index.php\/2022\/09\/28\/nouveaux-horaires\/\" \/>\n<meta property=\"og:locale\" content=\"fr_FR\" \/>\n<meta property=\"og:type\" content=\"article\" \/>\n<meta property=\"og:title\" content=\"Nouveaux horaires - La tour Morillon\" \/>\n<meta property=\"og:description\" content=\"Le salon de th\u00e9 et la galerie la Tour Morillon adoptent leurs horaires d&#039;hiver \u00e0 partir du 1er octobre prochain. Nous aurons d\u00e9sormais le plaisir de vous accueillir le jeudi, le vendredi et le samedi de 15h \u00e0 18h30. Le salon de th\u00e9 et la galerie seront ferm\u00e9s du dimanche au mercredi. A bient\u00f4t \u00e0 [&hellip;]\" \/>\n<meta property=\"og:url\" content=\"https:\/\/la-tour-morillon.fr\/index.php\/2022\/09\/28\/nouveaux-horaires\/\" \/>\n<meta property=\"og:site_name\" content=\"La tour Morillon\" \/>\n<meta property=\"article:publisher\" content=\"https:\/\/www.facebook.com\/latourmorillon\/\" \/>\n<meta property=\"article:published_time\" content=\"2022-09-28T18:06:00+00:00\" \/>\n<meta property=\"article:modified_time\" content=\"2022-09-28T18:09:47+00:00\" \/>\n<meta property=\"og:image\" content=\"https:\/\/la-tour-morillon.fr\/wp-content\/uploads\/2020\/04\/tasseth\u00e9-1024x1024.png\" \/>\n\t<meta property=\"og:image:width\" content=\"1024\" \/>\n\t<meta property=\"og:image:height\" content=\"1024\" \/>\n\t<meta property=\"og:image:type\" content=\"image\/png\" \/>\n<meta name=\"author\" content=\"admin7657\" \/>\n<meta name=\"twitter:card\" content=\"summary_large_image\" \/>\n<meta name=\"twitter:label1\" content=\"\u00c9crit par\" \/>\n\t<meta name=\"twitter:data1\" content=\"admin7657\" \/>\n\t<meta name=\"twitter:label2\" content=\"Dur\u00e9e de lecture estim\u00e9e\" \/>\n\t<meta name=\"twitter:data2\" content=\"1 minute\" \/>\n<script type=\"application\/ld+json\" class=\"yoast-schema-graph\">{\"@context\":\"https:\/\/schema.org\",\"@graph\":[{\"@type\":\"Article\",\"@id\":\"https:\/\/la-tour-morillon.fr\/index.php\/2022\/09\/28\/nouveaux-horaires\/#article\",\"isPartOf\":{\"@id\":\"https:\/\/la-tour-morillon.fr\/index.php\/2022\/09\/28\/nouveaux-horaires\/\"},\"author\":{\"name\":\"admin7657\",\"@id\":\"https:\/\/la-tour-morillon.fr\/#\/schema\/person\/0e900830285429857b31809e32b8db80\"},\"headline\":\"Nouveaux horaires\",\"datePublished\":\"2022-09-28T18:06:00+00:00\",\"dateModified\":\"2022-09-28T18:09:47+00:00\",\"mainEntityOfPage\":{\"@id\":\"https:\/\/la-tour-morillon.fr\/index.php\/2022\/09\/28\/nouveaux-horaires\/\"},\"wordCount\":166,\"publisher\":{\"@id\":\"https:\/\/la-tour-morillon.fr\/#organization\"},\"image\":{\"@id\":\"https:\/\/la-tour-morillon.fr\/index.php\/2022\/09\/28\/nouveaux-horaires\/#primaryimage\"},\"thumbnailUrl\":\"https:\/\/la-tour-morillon.fr\/wp-content\/uploads\/2020\/04\/tasseth\u00e9.png\",\"articleSection\":[\"galerie\",\"Informations pratiques\",\"salon de th\u00e9\"],\"inLanguage\":\"fr-FR\"},{\"@type\":\"WebPage\",\"@id\":\"https:\/\/la-tour-morillon.fr\/index.php\/2022\/09\/28\/nouveaux-horaires\/\",\"url\":\"https:\/\/la-tour-morillon.fr\/index.php\/2022\/09\/28\/nouveaux-horaires\/\",\"name\":\"Nouveaux horaires - La tour Morillon\",\"isPartOf\":{\"@id\":\"https:\/\/la-tour-morillon.fr\/#website\"},\"primaryImageOfPage\":{\"@id\":\"https:\/\/la-tour-morillon.fr\/index.php\/2022\/09\/28\/nouveaux-horaires\/#primaryimage\"},\"image\":{\"@id\":\"https:\/\/la-tour-morillon.fr\/index.php\/2022\/09\/28\/nouveaux-horaires\/#primaryimage\"},\"thumbnailUrl\":\"https:\/\/la-tour-morillon.fr\/wp-content\/uploads\/2020\/04\/tasseth\u00e9.png\",\"datePublished\":\"2022-09-28T18:06:00+00:00\",\"dateModified\":\"2022-09-28T18:09:47+00:00\",\"breadcrumb\":{\"@id\":\"https:\/\/la-tour-morillon.fr\/index.php\/2022\/09\/28\/nouveaux-horaires\/#breadcrumb\"},\"inLanguage\":\"fr-FR\",\"potentialAction\":[{\"@type\":\"ReadAction\",\"target\":[\"https:\/\/la-tour-morillon.fr\/index.php\/2022\/09\/28\/nouveaux-horaires\/\"]}]},{\"@type\":\"ImageObject\",\"inLanguage\":\"fr-FR\",\"@id\":\"https:\/\/la-tour-morillon.fr\/index.php\/2022\/09\/28\/nouveaux-horaires\/#primaryimage\",\"url\":\"https:\/\/la-tour-morillon.fr\/wp-content\/uploads\/2020\/04\/tasseth\u00e9.png\",\"contentUrl\":\"https:\/\/la-tour-morillon.fr\/wp-content\/uploads\/2020\/04\/tasseth\u00e9.png\",\"width\":2413,\"height\":2415},{\"@type\":\"BreadcrumbList\",\"@id\":\"https:\/\/la-tour-morillon.fr\/index.php\/2022\/09\/28\/nouveaux-horaires\/#breadcrumb\",\"itemListElement\":[{\"@type\":\"ListItem\",\"position\":1,\"name\":\"Accueil\",\"item\":\"https:\/\/la-tour-morillon.fr\/\"},{\"@type\":\"ListItem\",\"position\":2,\"name\":\"Nouveaux horaires\"}]},{\"@type\":\"WebSite\",\"@id\":\"https:\/\/la-tour-morillon.fr\/#website\",\"url\":\"https:\/\/la-tour-morillon.fr\/\",\"name\":\"La tour Morillon\",\"description\":\"Salon de th\u00e9 \u00e0 Saint-Amand-Montrond\",\"publisher\":{\"@id\":\"https:\/\/la-tour-morillon.fr\/#organization\"},\"potentialAction\":[{\"@type\":\"SearchAction\",\"target\":{\"@type\":\"EntryPoint\",\"urlTemplate\":\"https:\/\/la-tour-morillon.fr\/?s={search_term_string}\"},\"query-input\":{\"@type\":\"PropertyValueSpecification\",\"valueRequired\":true,\"valueName\":\"search_term_string\"}}],\"inLanguage\":\"fr-FR\"},{\"@type\":\"Organization\",\"@id\":\"https:\/\/la-tour-morillon.fr\/#organization\",\"name\":\"Association La Tour Morillon\",\"url\":\"https:\/\/la-tour-morillon.fr\/\",\"logo\":{\"@type\":\"ImageObject\",\"inLanguage\":\"fr-FR\",\"@id\":\"https:\/\/la-tour-morillon.fr\/#\/schema\/logo\/image\/\",\"url\":\"https:\/\/la-tour-morillon.fr\/wp-content\/uploads\/2019\/03\/SDT-logo-noir.png\",\"contentUrl\":\"https:\/\/la-tour-morillon.fr\/wp-content\/uploads\/2019\/03\/SDT-logo-noir.png\",\"width\":1592,\"height\":1592,\"caption\":\"Association La Tour Morillon\"},\"image\":{\"@id\":\"https:\/\/la-tour-morillon.fr\/#\/schema\/logo\/image\/\"},\"sameAs\":[\"https:\/\/www.facebook.com\/latourmorillon\/\"]},{\"@type\":\"Person\",\"@id\":\"https:\/\/la-tour-morillon.fr\/#\/schema\/person\/0e900830285429857b31809e32b8db80\",\"name\":\"admin7657\",\"image\":{\"@type\":\"ImageObject\",\"inLanguage\":\"fr-FR\",\"@id\":\"https:\/\/la-tour-morillon.fr\/#\/schema\/person\/image\/\",\"url\":\"https:\/\/secure.gravatar.com\/avatar\/43770286d6231dbb0ec3245b2e9c57b4afadf38014e0a9cb547f03767f2f9573?s=96&d=mm&r=g\",\"contentUrl\":\"https:\/\/secure.gravatar.com\/avatar\/43770286d6231dbb0ec3245b2e9c57b4afadf38014e0a9cb547f03767f2f9573?s=96&d=mm&r=g\",\"caption\":\"admin7657\"}}]}<\/script>\n<!-- \/ Yoast SEO plugin. -->","yoast_head_json":{"title":"Nouveaux horaires - La tour Morillon","robots":{"index":"index","follow":"follow","max-snippet":"max-snippet:-1","max-image-preview":"max-image-preview:large","max-video-preview":"max-video-preview:-1"},"canonical":"https:\/\/la-tour-morillon.fr\/index.php\/2022\/09\/28\/nouveaux-horaires\/","og_locale":"fr_FR","og_type":"article","og_title":"Nouveaux horaires - La tour Morillon","og_description":"Le salon de th\u00e9 et la galerie la Tour Morillon adoptent leurs horaires d'hiver \u00e0 partir du 1er octobre prochain. Nous aurons d\u00e9sormais le plaisir de vous accueillir le jeudi, le vendredi et le samedi de 15h \u00e0 18h30. Le salon de th\u00e9 et la galerie seront ferm\u00e9s du dimanche au mercredi. A bient\u00f4t \u00e0 [&hellip;]","og_url":"https:\/\/la-tour-morillon.fr\/index.php\/2022\/09\/28\/nouveaux-horaires\/","og_site_name":"La tour Morillon","article_publisher":"https:\/\/www.facebook.com\/latourmorillon\/","article_published_time":"2022-09-28T18:06:00+00:00","article_modified_time":"2022-09-28T18:09:47+00:00","og_image":[{"width":1024,"height":1024,"url":"https:\/\/la-tour-morillon.fr\/wp-content\/uploads\/2020\/04\/tasseth\u00e9-1024x1024.png","type":"image\/png"}],"author":"admin7657","twitter_card":"summary_large_image","twitter_misc":{"\u00c9crit par":"admin7657","Dur\u00e9e de lecture estim\u00e9e":"1 minute"},"schema":{"@context":"https:\/\/schema.org","@graph":[{"@type":"Article","@id":"https:\/\/la-tour-morillon.fr\/index.php\/2022\/09\/28\/nouveaux-horaires\/#article","isPartOf":{"@id":"https:\/\/la-tour-morillon.fr\/index.php\/2022\/09\/28\/nouveaux-horaires\/"},"author":{"name":"admin7657","@id":"https:\/\/la-tour-morillon.fr\/#\/schema\/person\/0e900830285429857b31809e32b8db80"},"headline":"Nouveaux horaires","datePublished":"2022-09-28T18:06:00+00:00","dateModified":"2022-09-28T18:09:47+00:00","mainEntityOfPage":{"@id":"https:\/\/la-tour-morillon.fr\/index.php\/2022\/09\/28\/nouveaux-horaires\/"},"wordCount":166,"publisher":{"@id":"https:\/\/la-tour-morillon.fr\/#organization"},"image":{"@id":"https:\/\/la-tour-morillon.fr\/index.php\/2022\/09\/28\/nouveaux-horaires\/#primaryimage"},"thumbnailUrl":"https:\/\/la-tour-morillon.fr\/wp-content\/uploads\/2020\/04\/tasseth\u00e9.png","articleSection":["galerie","Informations pratiques","salon de th\u00e9"],"inLanguage":"fr-FR"},{"@type":"WebPage","@id":"https:\/\/la-tour-morillon.fr\/index.php\/2022\/09\/28\/nouveaux-horaires\/","url":"https:\/\/la-tour-morillon.fr\/index.php\/2022\/09\/28\/nouveaux-horaires\/","name":"Nouveaux horaires - La tour Morillon","isPartOf":{"@id":"https:\/\/la-tour-morillon.fr\/#website"},"primaryImageOfPage":{"@id":"https:\/\/la-tour-morillon.fr\/index.php\/2022\/09\/28\/nouveaux-horaires\/#primaryimage"},"image":{"@id":"https:\/\/la-tour-morillon.fr\/index.php\/2022\/09\/28\/nouveaux-horaires\/#primaryimage"},"thumbnailUrl":"https:\/\/la-tour-morillon.fr\/wp-content\/uploads\/2020\/04\/tasseth\u00e9.png","datePublished":"2022-09-28T18:06:00+00:00","dateModified":"2022-09-28T18:09:47+00:00","breadcrumb":{"@id":"https:\/\/la-tour-morillon.fr\/index.php\/2022\/09\/28\/nouveaux-horaires\/#breadcrumb"},"inLanguage":"fr-FR","potentialAction":[{"@type":"ReadAction","target":["https:\/\/la-tour-morillon.fr\/index.php\/2022\/09\/28\/nouveaux-horaires\/"]}]},{"@type":"ImageObject","inLanguage":"fr-FR","@id":"https:\/\/la-tour-morillon.fr\/index.php\/2022\/09\/28\/nouveaux-horaires\/#primaryimage","url":"https:\/\/la-tour-morillon.fr\/wp-content\/uploads\/2020\/04\/tasseth\u00e9.png","contentUrl":"https:\/\/la-tour-morillon.fr\/wp-content\/uploads\/2020\/04\/tasseth\u00e9.png","width":2413,"height":2415},{"@type":"BreadcrumbList","@id":"https:\/\/la-tour-morillon.fr\/index.php\/2022\/09\/28\/nouveaux-horaires\/#breadcrumb","itemListElement":[{"@type":"ListItem","position":1,"name":"Accueil","item":"https:\/\/la-tour-morillon.fr\/"},{"@type":"ListItem","position":2,"name":"Nouveaux horaires"}]},{"@type":"WebSite","@id":"https:\/\/la-tour-morillon.fr\/#website","url":"https:\/\/la-tour-morillon.fr\/","name":"La tour Morillon","description":"Salon de th\u00e9 \u00e0 Saint-Amand-Montrond","publisher":{"@id":"https:\/\/la-tour-morillon.fr\/#organization"},"potentialAction":[{"@type":"SearchAction","target":{"@type":"EntryPoint","urlTemplate":"https:\/\/la-tour-morillon.fr\/?s={search_term_string}"},"query-input":{"@type":"PropertyValueSpecification","valueRequired":true,"valueName":"search_term_string"}}],"inLanguage":"fr-FR"},{"@type":"Organization","@id":"https:\/\/la-tour-morillon.fr\/#organization","name":"Association La Tour Morillon","url":"https:\/\/la-tour-morillon.fr\/","logo":{"@type":"ImageObject","inLanguage":"fr-FR","@id":"https:\/\/la-tour-morillon.fr\/#\/schema\/logo\/image\/","url":"https:\/\/la-tour-morillon.fr\/wp-content\/uploads\/2019\/03\/SDT-logo-noir.png","contentUrl":"https:\/\/la-tour-morillon.fr\/wp-content\/uploads\/2019\/03\/SDT-logo-noir.png","width":1592,"height":1592,"caption":"Association La Tour Morillon"},"image":{"@id":"https:\/\/la-tour-morillon.fr\/#\/schema\/logo\/image\/"},"sameAs":["https:\/\/www.facebook.com\/latourmorillon\/"]},{"@type":"Person","@id":"https:\/\/la-tour-morillon.fr\/#\/schema\/person\/0e900830285429857b31809e32b8db80","name":"admin7657","image":{"@type":"ImageObject","inLanguage":"fr-FR","@id":"https:\/\/la-tour-morillon.fr\/#\/schema\/person\/image\/","url":"https:\/\/secure.gravatar.com\/avatar\/43770286d6231dbb0ec3245b2e9c57b4afadf38014e0a9cb547f03767f2f9573?s=96&d=mm&r=g","contentUrl":"https:\/\/secure.gravatar.com\/avatar\/43770286d6231dbb0ec3245b2e9c57b4afadf38014e0a9cb547f03767f2f9573?s=96&d=mm&r=g","caption":"admin7657"}}]}},"_links":{"self":[{"href":"https:\/\/la-tour-morillon.fr\/index.php\/wp-json\/wp\/v2\/posts\/1743","targetHints":{"allow":["GET"]}}],"collection":[{"href":"https:\/\/la-tour-morillon.fr\/index.php\/wp-json\/wp\/v2\/posts"}],"about":[{"href":"https:\/\/la-tour-morillon.fr\/index.php\/wp-json\/wp\/v2\/types\/post"}],"author":[{"embeddable":true,"href":"https:\/\/la-tour-morillon.fr\/index.php\/wp-json\/wp\/v2\/users\/1"}],"replies":[{"embeddable":true,"href":"https:\/\/la-tour-morillon.fr\/index.php\/wp-json\/wp\/v2\/comments?post=1743"}],"version-history":[{"count":4,"href":"https:\/\/la-tour-morillon.fr\/index.php\/wp-json\/wp\/v2\/posts\/1743\/revisions"}],"predecessor-version":[{"id":1748,"href":"https:\/\/la-tour-morillon.fr\/index.php\/wp-json\/wp\/v2\/posts\/1743\/revisions\/1748"}],"wp:featuredmedia":[{"embeddable":true,"href":"https:\/\/la-tour-morillon.fr\/index.php\/wp-json\/wp\/v2\/media\/735"}],"wp:attachment":[{"href":"https:\/\/la-tour-morillon.fr\/index.php\/wp-json\/wp\/v2\/media?parent=1743"}],"wp:term":[{"taxonomy":"category","embeddable":true,"href":"https:\/\/la-tour-morillon.fr\/index.php\/wp-json\/wp\/v2\/categories?post=1743"},{"taxonomy":"post_tag","embeddable":true,"href":"https:\/\/la-tour-morillon.fr\/index.php\/wp-json\/wp\/v2\/tags?post=1743"}],"curies":[{"name":"wp","href":"https:\/\/api.w.org\/{rel}","templated":true}]}}