{"id":379,"date":"2020-01-10T10:23:01","date_gmt":"2020-01-10T09:23:01","guid":{"rendered":"http:\/\/la-tour-morillon.fr\/?p=379"},"modified":"2020-05-06T15:09:59","modified_gmt":"2020-05-06T13:09:59","slug":"exposition-de-salamandra","status":"publish","type":"post","link":"https:\/\/la-tour-morillon.fr\/index.php\/2020\/01\/10\/exposition-de-salamandra\/","title":{"rendered":"Exposition de Salamandra"},"content":{"rendered":"\n[et_pb_section fb_built=\u00a0\u00bb1&Prime; _builder_version=\u00a0\u00bb4.4.1&Prime; custom_padding=\u00a0\u00bb5px||5px|||\u00a0\u00bb][et_pb_row _builder_version=\u00a0\u00bb4.4.1&Prime; column_structure=\u00a0\u00bb1_3,1_3,1_3&Prime;][et_pb_column _builder_version=\u00a0\u00bb4.4.1&Prime; type=\u00a0\u00bb1_3&Prime;][et_pb_text _builder_version=\u00a0\u00bb4.4.1&Prime; hover_enabled=\u00a0\u00bb0&Prime; text_letter_spacing=\u00a0\u00bb1px\u00a0\u00bb text_font_size=\u00a0\u00bb21px\u00a0\u00bb text_line_height=\u00a0\u00bb1.8em\u00a0\u00bb]<p>Pour sa deuxi\u00e8me exposition, la galerie de la Tour Morillon aura le plaisir d&rsquo;accueillir\u00a0<a href=\"https:\/\/lisasalamandra.com\/home.html\">Salamandra\u00a0<\/a>du 19 janvier au 5 avril 2020.<\/p>\n<p>&nbsp;<\/p>[\/et_pb_text][\/et_pb_column][et_pb_column _builder_version=\u00a0\u00bb4.4.1&Prime; type=\u00a0\u00bb1_3&Prime;][et_pb_image src=\u00a0\u00bbhttp:\/\/la-tour-morillon.fr\/wp-content\/uploads\/2020\/01\/Salamandra_comm-reseaux-sociaux.jpg\u00a0\u00bb _builder_version=\u00a0\u00bb4.4.1&Prime; hover_enabled=\u00a0\u00bb0&Prime;][\/et_pb_image][\/et_pb_column][et_pb_column _builder_version=\u00a0\u00bb4.4.1&Prime; type=\u00a0\u00bb1_3&Prime;][et_pb_text _builder_version=\u00a0\u00bb4.4.1&Prime; hover_enabled=\u00a0\u00bb0&Prime; text_font_size=\u00a0\u00bb16px\u00a0\u00bb text_orientation=\u00a0\u00bbright\u00a0\u00bb]<p>Salamandra, <em>\u00ab\u00a0Anthologie du pain quotidien, dessins et collages\u00a0\u00bb<\/em> \u00e0 la galerie de la Tour Morillon.<br \/> Du mercredi au samedi de 15h \u00e0 19h, le dimanche de 15h \u00e0 18h.<br \/> Entr\u00e9e libre par le salon de th\u00e9.<\/p>\n[\/et_pb_text][\/et_pb_column][\/et_pb_row][\/et_pb_section]\n","protected":false},"excerpt":{"rendered":"<p>Pour sa deuxi\u00e8me exposition, la galerie de la Tour Morillon aura le plaisir d&rsquo;accueillir\u00a0Salamandra\u00a0du 19 janvier au 5 avril 2020. &nbsp;Salamandra, \u00ab\u00a0Anthologie du pain quotidien, dessins et collages\u00a0\u00bb \u00e0 la galerie de la Tour Morillon. Du mercredi au samedi de 15h \u00e0 19h, le dimanche de 15h \u00e0 18h. Entr\u00e9e libre par le salon de [&hellip;]<\/p>\n","protected":false},"author":1,"featured_media":380,"comment_status":"closed","ping_status":"closed","sticky":false,"template":"","format":"standard","meta":{"_et_pb_use_builder":"on","_et_pb_old_content":"<!-- wp:paragraph -->\n<p>Pour sa deuxi\u00e8me exposition, la galerie de la Tour Morillon aura le plaisir d'accueillir&nbsp;<a href=\"https:\/\/lisasalamandra.com\/home.html\">Salamandra&nbsp;<\/a>du 19 janvier au 5 avril 2020.<\/p>\n<!-- \/wp:paragraph -->\n\n<!-- wp:paragraph -->\n<p>Salamandra, <em>\"Anthologie du pain quotidien, dessins et collages\"<\/em> \u00e0 la galerie de la Tour Morillon.<br>Du mercredi au samedi de 15h \u00e0 19h, le dimanche de 15h \u00e0 18h.<br>Entr\u00e9e libre par le salon de th\u00e9.<\/p>\n<!-- \/wp:paragraph -->\n\n<!-- wp:image {\"id\":380,\"sizeSlug\":\"large\"} -->\n<figure class=\"wp-block-image size-large\"><img src=\"http:\/\/la-tour-morillon.fr\/wp-content\/uploads\/2020\/01\/Salamandra_comm-reseaux-sociaux-1018x1024.jpg\" alt=\"Exposition Salamandra\" class=\"wp-image-380\"\/><\/figure>\n<!-- \/wp:image -->","_et_gb_content_width":"1080","footnotes":""},"categories":[17,26],"tags":[],"class_list":["post-379","post","type-post","status-publish","format-standard","has-post-thumbnail","hentry","category-expositions","category-galerie"],"yoast_head":"<!-- This site is optimized with the Yoast SEO plugin v25.2 - https:\/\/yoast.com\/wordpress\/plugins\/seo\/ -->\n<title>Exposition de Salamandra - La tour Morillon<\/title>\n<meta name=\"robots\" content=\"index, follow, max-snippet:-1, max-image-preview:large, max-video-preview:-1\" \/>\n<link rel=\"canonical\" href=\"https:\/\/la-tour-morillon.fr\/index.php\/2020\/01\/10\/exposition-de-salamandra\/\" \/>\n<meta property=\"og:locale\" content=\"fr_FR\" \/>\n<meta property=\"og:type\" content=\"article\" \/>\n<meta property=\"og:title\" content=\"Exposition de Salamandra - La tour Morillon\" \/>\n<meta property=\"og:description\" content=\"Pour sa deuxi\u00e8me exposition, la galerie de la Tour Morillon aura le plaisir d&#039;accueillir\u00a0Salamandra\u00a0du 19 janvier au 5 avril 2020. &nbsp;Salamandra, &quot;Anthologie du pain quotidien, dessins et collages&quot; \u00e0 la galerie de la Tour Morillon. Du mercredi au samedi de 15h \u00e0 19h, le dimanche de 15h \u00e0 18h. Entr\u00e9e libre par le salon de [&hellip;]\" \/>\n<meta property=\"og:url\" content=\"https:\/\/la-tour-morillon.fr\/index.php\/2020\/01\/10\/exposition-de-salamandra\/\" \/>\n<meta property=\"og:site_name\" content=\"La tour Morillon\" \/>\n<meta property=\"article:publisher\" content=\"https:\/\/www.facebook.com\/latourmorillon\/\" \/>\n<meta property=\"article:published_time\" content=\"2020-01-10T09:23:01+00:00\" \/>\n<meta property=\"article:modified_time\" content=\"2020-05-06T13:09:59+00:00\" \/>\n<meta property=\"og:image\" content=\"https:\/\/la-tour-morillon.fr\/wp-content\/uploads\/2020\/01\/Salamandra_comm-reseaux-sociaux.jpg\" \/>\n\t<meta property=\"og:image:width\" content=\"2400\" \/>\n\t<meta property=\"og:image:height\" content=\"2414\" \/>\n\t<meta property=\"og:image:type\" content=\"image\/jpeg\" \/>\n<meta name=\"author\" content=\"admin7657\" \/>\n<meta name=\"twitter:card\" content=\"summary_large_image\" \/>\n<meta name=\"twitter:label1\" content=\"\u00c9crit par\" \/>\n\t<meta name=\"twitter:data1\" content=\"admin7657\" \/>\n\t<meta name=\"twitter:label2\" content=\"Dur\u00e9e de lecture estim\u00e9e\" \/>\n\t<meta name=\"twitter:data2\" content=\"1 minute\" \/>\n<script type=\"application\/ld+json\" class=\"yoast-schema-graph\">{\"@context\":\"https:\/\/schema.org\",\"@graph\":[{\"@type\":\"Article\",\"@id\":\"https:\/\/la-tour-morillon.fr\/index.php\/2020\/01\/10\/exposition-de-salamandra\/#article\",\"isPartOf\":{\"@id\":\"https:\/\/la-tour-morillon.fr\/index.php\/2020\/01\/10\/exposition-de-salamandra\/\"},\"author\":{\"name\":\"admin7657\",\"@id\":\"https:\/\/la-tour-morillon.fr\/#\/schema\/person\/0e900830285429857b31809e32b8db80\"},\"headline\":\"Exposition de Salamandra\",\"datePublished\":\"2020-01-10T09:23:01+00:00\",\"dateModified\":\"2020-05-06T13:09:59+00:00\",\"mainEntityOfPage\":{\"@id\":\"https:\/\/la-tour-morillon.fr\/index.php\/2020\/01\/10\/exposition-de-salamandra\/\"},\"wordCount\":168,\"publisher\":{\"@id\":\"https:\/\/la-tour-morillon.fr\/#organization\"},\"image\":{\"@id\":\"https:\/\/la-tour-morillon.fr\/index.php\/2020\/01\/10\/exposition-de-salamandra\/#primaryimage\"},\"thumbnailUrl\":\"https:\/\/la-tour-morillon.fr\/wp-content\/uploads\/2020\/01\/Salamandra_comm-reseaux-sociaux.jpg\",\"articleSection\":[\"Expositions\",\"galerie\"],\"inLanguage\":\"fr-FR\"},{\"@type\":\"WebPage\",\"@id\":\"https:\/\/la-tour-morillon.fr\/index.php\/2020\/01\/10\/exposition-de-salamandra\/\",\"url\":\"https:\/\/la-tour-morillon.fr\/index.php\/2020\/01\/10\/exposition-de-salamandra\/\",\"name\":\"Exposition de Salamandra - La tour Morillon\",\"isPartOf\":{\"@id\":\"https:\/\/la-tour-morillon.fr\/#website\"},\"primaryImageOfPage\":{\"@id\":\"https:\/\/la-tour-morillon.fr\/index.php\/2020\/01\/10\/exposition-de-salamandra\/#primaryimage\"},\"image\":{\"@id\":\"https:\/\/la-tour-morillon.fr\/index.php\/2020\/01\/10\/exposition-de-salamandra\/#primaryimage\"},\"thumbnailUrl\":\"https:\/\/la-tour-morillon.fr\/wp-content\/uploads\/2020\/01\/Salamandra_comm-reseaux-sociaux.jpg\",\"datePublished\":\"2020-01-10T09:23:01+00:00\",\"dateModified\":\"2020-05-06T13:09:59+00:00\",\"breadcrumb\":{\"@id\":\"https:\/\/la-tour-morillon.fr\/index.php\/2020\/01\/10\/exposition-de-salamandra\/#breadcrumb\"},\"inLanguage\":\"fr-FR\",\"potentialAction\":[{\"@type\":\"ReadAction\",\"target\":[\"https:\/\/la-tour-morillon.fr\/index.php\/2020\/01\/10\/exposition-de-salamandra\/\"]}]},{\"@type\":\"ImageObject\",\"inLanguage\":\"fr-FR\",\"@id\":\"https:\/\/la-tour-morillon.fr\/index.php\/2020\/01\/10\/exposition-de-salamandra\/#primaryimage\",\"url\":\"https:\/\/la-tour-morillon.fr\/wp-content\/uploads\/2020\/01\/Salamandra_comm-reseaux-sociaux.jpg\",\"contentUrl\":\"https:\/\/la-tour-morillon.fr\/wp-content\/uploads\/2020\/01\/Salamandra_comm-reseaux-sociaux.jpg\",\"width\":2400,\"height\":2414},{\"@type\":\"BreadcrumbList\",\"@id\":\"https:\/\/la-tour-morillon.fr\/index.php\/2020\/01\/10\/exposition-de-salamandra\/#breadcrumb\",\"itemListElement\":[{\"@type\":\"ListItem\",\"position\":1,\"name\":\"Accueil\",\"item\":\"https:\/\/la-tour-morillon.fr\/\"},{\"@type\":\"ListItem\",\"position\":2,\"name\":\"Exposition de Salamandra\"}]},{\"@type\":\"WebSite\",\"@id\":\"https:\/\/la-tour-morillon.fr\/#website\",\"url\":\"https:\/\/la-tour-morillon.fr\/\",\"name\":\"La tour Morillon\",\"description\":\"Salon de th\u00e9 \u00e0 Saint-Amand-Montrond\",\"publisher\":{\"@id\":\"https:\/\/la-tour-morillon.fr\/#organization\"},\"potentialAction\":[{\"@type\":\"SearchAction\",\"target\":{\"@type\":\"EntryPoint\",\"urlTemplate\":\"https:\/\/la-tour-morillon.fr\/?s={search_term_string}\"},\"query-input\":{\"@type\":\"PropertyValueSpecification\",\"valueRequired\":true,\"valueName\":\"search_term_string\"}}],\"inLanguage\":\"fr-FR\"},{\"@type\":\"Organization\",\"@id\":\"https:\/\/la-tour-morillon.fr\/#organization\",\"name\":\"Association La Tour Morillon\",\"url\":\"https:\/\/la-tour-morillon.fr\/\",\"logo\":{\"@type\":\"ImageObject\",\"inLanguage\":\"fr-FR\",\"@id\":\"https:\/\/la-tour-morillon.fr\/#\/schema\/logo\/image\/\",\"url\":\"https:\/\/la-tour-morillon.fr\/wp-content\/uploads\/2019\/03\/SDT-logo-noir.png\",\"contentUrl\":\"https:\/\/la-tour-morillon.fr\/wp-content\/uploads\/2019\/03\/SDT-logo-noir.png\",\"width\":1592,\"height\":1592,\"caption\":\"Association La Tour Morillon\"},\"image\":{\"@id\":\"https:\/\/la-tour-morillon.fr\/#\/schema\/logo\/image\/\"},\"sameAs\":[\"https:\/\/www.facebook.com\/latourmorillon\/\"]},{\"@type\":\"Person\",\"@id\":\"https:\/\/la-tour-morillon.fr\/#\/schema\/person\/0e900830285429857b31809e32b8db80\",\"name\":\"admin7657\",\"image\":{\"@type\":\"ImageObject\",\"inLanguage\":\"fr-FR\",\"@id\":\"https:\/\/la-tour-morillon.fr\/#\/schema\/person\/image\/\",\"url\":\"https:\/\/secure.gravatar.com\/avatar\/43770286d6231dbb0ec3245b2e9c57b4afadf38014e0a9cb547f03767f2f9573?s=96&d=mm&r=g\",\"contentUrl\":\"https:\/\/secure.gravatar.com\/avatar\/43770286d6231dbb0ec3245b2e9c57b4afadf38014e0a9cb547f03767f2f9573?s=96&d=mm&r=g\",\"caption\":\"admin7657\"}}]}<\/script>\n<!-- \/ Yoast SEO plugin. -->","yoast_head_json":{"title":"Exposition de Salamandra - La tour Morillon","robots":{"index":"index","follow":"follow","max-snippet":"max-snippet:-1","max-image-preview":"max-image-preview:large","max-video-preview":"max-video-preview:-1"},"canonical":"https:\/\/la-tour-morillon.fr\/index.php\/2020\/01\/10\/exposition-de-salamandra\/","og_locale":"fr_FR","og_type":"article","og_title":"Exposition de Salamandra - La tour Morillon","og_description":"Pour sa deuxi\u00e8me exposition, la galerie de la Tour Morillon aura le plaisir d'accueillir\u00a0Salamandra\u00a0du 19 janvier au 5 avril 2020. &nbsp;Salamandra, \"Anthologie du pain quotidien, dessins et collages\" \u00e0 la galerie de la Tour Morillon. Du mercredi au samedi de 15h \u00e0 19h, le dimanche de 15h \u00e0 18h. Entr\u00e9e libre par le salon de [&hellip;]","og_url":"https:\/\/la-tour-morillon.fr\/index.php\/2020\/01\/10\/exposition-de-salamandra\/","og_site_name":"La tour Morillon","article_publisher":"https:\/\/www.facebook.com\/latourmorillon\/","article_published_time":"2020-01-10T09:23:01+00:00","article_modified_time":"2020-05-06T13:09:59+00:00","og_image":[{"width":2400,"height":2414,"url":"https:\/\/la-tour-morillon.fr\/wp-content\/uploads\/2020\/01\/Salamandra_comm-reseaux-sociaux.jpg","type":"image\/jpeg"}],"author":"admin7657","twitter_card":"summary_large_image","twitter_misc":{"\u00c9crit par":"admin7657","Dur\u00e9e de lecture estim\u00e9e":"1 minute"},"schema":{"@context":"https:\/\/schema.org","@graph":[{"@type":"Article","@id":"https:\/\/la-tour-morillon.fr\/index.php\/2020\/01\/10\/exposition-de-salamandra\/#article","isPartOf":{"@id":"https:\/\/la-tour-morillon.fr\/index.php\/2020\/01\/10\/exposition-de-salamandra\/"},"author":{"name":"admin7657","@id":"https:\/\/la-tour-morillon.fr\/#\/schema\/person\/0e900830285429857b31809e32b8db80"},"headline":"Exposition de Salamandra","datePublished":"2020-01-10T09:23:01+00:00","dateModified":"2020-05-06T13:09:59+00:00","mainEntityOfPage":{"@id":"https:\/\/la-tour-morillon.fr\/index.php\/2020\/01\/10\/exposition-de-salamandra\/"},"wordCount":168,"publisher":{"@id":"https:\/\/la-tour-morillon.fr\/#organization"},"image":{"@id":"https:\/\/la-tour-morillon.fr\/index.php\/2020\/01\/10\/exposition-de-salamandra\/#primaryimage"},"thumbnailUrl":"https:\/\/la-tour-morillon.fr\/wp-content\/uploads\/2020\/01\/Salamandra_comm-reseaux-sociaux.jpg","articleSection":["Expositions","galerie"],"inLanguage":"fr-FR"},{"@type":"WebPage","@id":"https:\/\/la-tour-morillon.fr\/index.php\/2020\/01\/10\/exposition-de-salamandra\/","url":"https:\/\/la-tour-morillon.fr\/index.php\/2020\/01\/10\/exposition-de-salamandra\/","name":"Exposition de Salamandra - La tour Morillon","isPartOf":{"@id":"https:\/\/la-tour-morillon.fr\/#website"},"primaryImageOfPage":{"@id":"https:\/\/la-tour-morillon.fr\/index.php\/2020\/01\/10\/exposition-de-salamandra\/#primaryimage"},"image":{"@id":"https:\/\/la-tour-morillon.fr\/index.php\/2020\/01\/10\/exposition-de-salamandra\/#primaryimage"},"thumbnailUrl":"https:\/\/la-tour-morillon.fr\/wp-content\/uploads\/2020\/01\/Salamandra_comm-reseaux-sociaux.jpg","datePublished":"2020-01-10T09:23:01+00:00","dateModified":"2020-05-06T13:09:59+00:00","breadcrumb":{"@id":"https:\/\/la-tour-morillon.fr\/index.php\/2020\/01\/10\/exposition-de-salamandra\/#breadcrumb"},"inLanguage":"fr-FR","potentialAction":[{"@type":"ReadAction","target":["https:\/\/la-tour-morillon.fr\/index.php\/2020\/01\/10\/exposition-de-salamandra\/"]}]},{"@type":"ImageObject","inLanguage":"fr-FR","@id":"https:\/\/la-tour-morillon.fr\/index.php\/2020\/01\/10\/exposition-de-salamandra\/#primaryimage","url":"https:\/\/la-tour-morillon.fr\/wp-content\/uploads\/2020\/01\/Salamandra_comm-reseaux-sociaux.jpg","contentUrl":"https:\/\/la-tour-morillon.fr\/wp-content\/uploads\/2020\/01\/Salamandra_comm-reseaux-sociaux.jpg","width":2400,"height":2414},{"@type":"BreadcrumbList","@id":"https:\/\/la-tour-morillon.fr\/index.php\/2020\/01\/10\/exposition-de-salamandra\/#breadcrumb","itemListElement":[{"@type":"ListItem","position":1,"name":"Accueil","item":"https:\/\/la-tour-morillon.fr\/"},{"@type":"ListItem","position":2,"name":"Exposition de Salamandra"}]},{"@type":"WebSite","@id":"https:\/\/la-tour-morillon.fr\/#website","url":"https:\/\/la-tour-morillon.fr\/","name":"La tour Morillon","description":"Salon de th\u00e9 \u00e0 Saint-Amand-Montrond","publisher":{"@id":"https:\/\/la-tour-morillon.fr\/#organization"},"potentialAction":[{"@type":"SearchAction","target":{"@type":"EntryPoint","urlTemplate":"https:\/\/la-tour-morillon.fr\/?s={search_term_string}"},"query-input":{"@type":"PropertyValueSpecification","valueRequired":true,"valueName":"search_term_string"}}],"inLanguage":"fr-FR"},{"@type":"Organization","@id":"https:\/\/la-tour-morillon.fr\/#organization","name":"Association La Tour Morillon","url":"https:\/\/la-tour-morillon.fr\/","logo":{"@type":"ImageObject","inLanguage":"fr-FR","@id":"https:\/\/la-tour-morillon.fr\/#\/schema\/logo\/image\/","url":"https:\/\/la-tour-morillon.fr\/wp-content\/uploads\/2019\/03\/SDT-logo-noir.png","contentUrl":"https:\/\/la-tour-morillon.fr\/wp-content\/uploads\/2019\/03\/SDT-logo-noir.png","width":1592,"height":1592,"caption":"Association La Tour Morillon"},"image":{"@id":"https:\/\/la-tour-morillon.fr\/#\/schema\/logo\/image\/"},"sameAs":["https:\/\/www.facebook.com\/latourmorillon\/"]},{"@type":"Person","@id":"https:\/\/la-tour-morillon.fr\/#\/schema\/person\/0e900830285429857b31809e32b8db80","name":"admin7657","image":{"@type":"ImageObject","inLanguage":"fr-FR","@id":"https:\/\/la-tour-morillon.fr\/#\/schema\/person\/image\/","url":"https:\/\/secure.gravatar.com\/avatar\/43770286d6231dbb0ec3245b2e9c57b4afadf38014e0a9cb547f03767f2f9573?s=96&d=mm&r=g","contentUrl":"https:\/\/secure.gravatar.com\/avatar\/43770286d6231dbb0ec3245b2e9c57b4afadf38014e0a9cb547f03767f2f9573?s=96&d=mm&r=g","caption":"admin7657"}}]}},"_links":{"self":[{"href":"https:\/\/la-tour-morillon.fr\/index.php\/wp-json\/wp\/v2\/posts\/379","targetHints":{"allow":["GET"]}}],"collection":[{"href":"https:\/\/la-tour-morillon.fr\/index.php\/wp-json\/wp\/v2\/posts"}],"about":[{"href":"https:\/\/la-tour-morillon.fr\/index.php\/wp-json\/wp\/v2\/types\/post"}],"author":[{"embeddable":true,"href":"https:\/\/la-tour-morillon.fr\/index.php\/wp-json\/wp\/v2\/users\/1"}],"replies":[{"embeddable":true,"href":"https:\/\/la-tour-morillon.fr\/index.php\/wp-json\/wp\/v2\/comments?post=379"}],"version-history":[{"count":5,"href":"https:\/\/la-tour-morillon.fr\/index.php\/wp-json\/wp\/v2\/posts\/379\/revisions"}],"predecessor-version":[{"id":1131,"href":"https:\/\/la-tour-morillon.fr\/index.php\/wp-json\/wp\/v2\/posts\/379\/revisions\/1131"}],"wp:featuredmedia":[{"embeddable":true,"href":"https:\/\/la-tour-morillon.fr\/index.php\/wp-json\/wp\/v2\/media\/380"}],"wp:attachment":[{"href":"https:\/\/la-tour-morillon.fr\/index.php\/wp-json\/wp\/v2\/media?parent=379"}],"wp:term":[{"taxonomy":"category","embeddable":true,"href":"https:\/\/la-tour-morillon.fr\/index.php\/wp-json\/wp\/v2\/categories?post=379"},{"taxonomy":"post_tag","embeddable":true,"href":"https:\/\/la-tour-morillon.fr\/index.php\/wp-json\/wp\/v2\/tags?post=379"}],"curies":[{"name":"wp","href":"https:\/\/api.w.org\/{rel}","templated":true}]}}