{"id":386,"date":"2020-02-24T12:05:51","date_gmt":"2020-02-24T11:05:51","guid":{"rendered":"http:\/\/la-tour-morillon.fr\/?p=386"},"modified":"2020-05-06T15:12:54","modified_gmt":"2020-05-06T13:12:54","slug":"artist-talk","status":"publish","type":"post","link":"https:\/\/la-tour-morillon.fr\/index.php\/2020\/02\/24\/artist-talk\/","title":{"rendered":"Artist talk"},"content":{"rendered":"\n\n[et_pb_section fb_built=\u00a0\u00bb1&Prime; _builder_version=\u00a0\u00bb4.4.1&Prime; custom_padding=\u00a0\u00bb4px|||||\u00a0\u00bb][et_pb_row _builder_version=\u00a0\u00bb4.4.1&Prime; column_structure=\u00a0\u00bb1_2,1_2&Prime;][et_pb_column _builder_version=\u00a0\u00bb4.4.1&Prime; type=\u00a0\u00bb1_2&Prime;][et_pb_text _builder_version=\u00a0\u00bb4.4.1&Prime; text_font_size=\u00a0\u00bb21px\u00a0\u00bb text_letter_spacing=\u00a0\u00bb1px\u00a0\u00bb text_line_height=\u00a0\u00bb1.8em\u00a0\u00bb hover_enabled=\u00a0\u00bb0&Prime; custom_margin=\u00a0\u00bb||55px|||\u00a0\u00bb]<p>Dans le cadre de son exposition <em>Anthologie du pain quotidien<\/em> \u00e0 la galerie de la Tour Morillon, \u00ab\u00a0Lisa raconte Salamandra\u00a0\u00bb le 7 mars prochain.<br \/><em>Artist talk <\/em>de Lisa Salamandra, au cours duquel elle nous expliquera sa d\u00e9marche artistique.<\/p>\n[\/et_pb_text][et_pb_text _builder_version=\u00a0\u00bb4.4.1&Prime; text_font=\u00a0\u00bbPlayfair Display||||||||\u00a0\u00bb text_font_size=\u00a0\u00bb15px\u00a0\u00bb text_letter_spacing=\u00a0\u00bb1px\u00a0\u00bb hover_enabled=\u00a0\u00bb0&Prime; custom_margin=\u00a0\u00bb||4px|||\u00a0\u00bb]<p>Informations pratiques<\/p>\n[\/et_pb_text][et_pb_text _builder_version=\u00a0\u00bb4.4.1&Prime; hover_enabled=\u00a0\u00bb0&Prime;]<p>7 mars 2020, 18h.<br \/>Entr\u00e9e libre dans la limite des places disponibles.<br \/>Acc\u00e8s par le salon de th\u00e9 de la Tour Morillon.<\/p>\n[\/et_pb_text][\/et_pb_column][et_pb_column _builder_version=\u00a0\u00bb4.4.1&Prime; type=\u00a0\u00bb1_2&Prime;][et_pb_image src=\u00a0\u00bbhttp:\/\/la-tour-morillon.fr\/wp-content\/uploads\/2020\/02\/IMG_7719-scaled.jpg\u00a0\u00bb _builder_version=\u00a0\u00bb4.4.1&Prime; hover_enabled=\u00a0\u00bb0&Prime;][\/et_pb_image][\/et_pb_column][\/et_pb_row][\/et_pb_section]\n\n","protected":false},"excerpt":{"rendered":"<p>Dans le cadre de son exposition Anthologie du pain quotidien \u00e0 la galerie de la Tour Morillon, \u00ab\u00a0Lisa raconte Salamandra\u00a0\u00bb le 7 mars prochain.Artist talk de Lisa Salamandra, au cours duquel elle nous expliquera sa d\u00e9marche artistique. Informations pratiques 7 mars 2020, 18h.Entr\u00e9e libre dans la limite des places disponibles.Acc\u00e8s par le salon de th\u00e9 [&hellip;]<\/p>\n","protected":false},"author":1,"featured_media":838,"comment_status":"closed","ping_status":"closed","sticky":false,"template":"","format":"standard","meta":{"_et_pb_use_builder":"on","_et_pb_old_content":"<!-- wp:columns -->\n<div class=\"wp-block-columns\"><!-- wp:column {\"width\":66.66} -->\n<div class=\"wp-block-column\" style=\"flex-basis:66.66%\"><!-- wp:paragraph -->\n<p>Dans le cadre de son exposition <em>Anthologie du pain quotidien<\/em> \u00e0 la galerie de la Tour Morillon, \"Lisa raconte Salamandra\" le 7 mars prochain.<br><em>Artist talk <\/em>de Lisa Salamandra, au cours duquel elle nous expliquera sa d\u00e9marche artistique.<\/p>\n<!-- \/wp:paragraph --><\/div>\n<!-- \/wp:column -->\n\n<!-- wp:column {\"width\":33.33} -->\n<div class=\"wp-block-column\" style=\"flex-basis:33.33%\"><!-- wp:image {\"id\":410,\"sizeSlug\":\"large\"} -->\n<figure class=\"wp-block-image size-large\"><img src=\"http:\/\/la-tour-morillon.fr\/wp-content\/uploads\/2020\/02\/IMG_7719-1024x1024.jpg\" alt=\"\" class=\"wp-image-410\"\/><\/figure>\n<!-- \/wp:image --><\/div>\n<!-- \/wp:column --><\/div>\n<!-- \/wp:columns -->\n\n<!-- wp:columns -->\n<div class=\"wp-block-columns\"><!-- wp:column {\"width\":33.33} -->\n<div class=\"wp-block-column\" style=\"flex-basis:33.33%\"><!-- wp:paragraph -->\n<p>Informations pratiques : <\/p>\n<!-- \/wp:paragraph --><\/div>\n<!-- \/wp:column -->\n\n<!-- wp:column {\"width\":66.66} -->\n<div class=\"wp-block-column\" style=\"flex-basis:66.66%\"><!-- wp:paragraph -->\n<p>7 mars 2020, 18h.<br>Entr\u00e9e libre dans la limite des places disponibles.<br>Acc\u00e8s par le salon de th\u00e9 de la Tour Morillon. <\/p>\n<!-- \/wp:paragraph --><\/div>\n<!-- \/wp:column --><\/div>\n<!-- \/wp:columns -->","_et_gb_content_width":"1080","footnotes":""},"categories":[20,17,26,25],"tags":[],"class_list":["post-386","post","type-post","status-publish","format-standard","has-post-thumbnail","hentry","category-evenements","category-expositions","category-galerie","category-salon-de-the"],"yoast_head":"<!-- This site is optimized with the Yoast SEO plugin v25.2 - https:\/\/yoast.com\/wordpress\/plugins\/seo\/ -->\n<title>Artist talk - La tour Morillon<\/title>\n<meta name=\"robots\" content=\"index, follow, max-snippet:-1, max-image-preview:large, max-video-preview:-1\" \/>\n<link rel=\"canonical\" href=\"https:\/\/la-tour-morillon.fr\/index.php\/2020\/02\/24\/artist-talk\/\" \/>\n<meta property=\"og:locale\" content=\"fr_FR\" \/>\n<meta property=\"og:type\" content=\"article\" \/>\n<meta property=\"og:title\" content=\"Artist talk - La tour Morillon\" \/>\n<meta property=\"og:description\" content=\"Dans le cadre de son exposition Anthologie du pain quotidien \u00e0 la galerie de la Tour Morillon, &quot;Lisa raconte Salamandra&quot; le 7 mars prochain.Artist talk de Lisa Salamandra, au cours duquel elle nous expliquera sa d\u00e9marche artistique. Informations pratiques 7 mars 2020, 18h.Entr\u00e9e libre dans la limite des places disponibles.Acc\u00e8s par le salon de th\u00e9 [&hellip;]\" \/>\n<meta property=\"og:url\" content=\"https:\/\/la-tour-morillon.fr\/index.php\/2020\/02\/24\/artist-talk\/\" \/>\n<meta property=\"og:site_name\" content=\"La tour Morillon\" \/>\n<meta property=\"article:publisher\" content=\"https:\/\/www.facebook.com\/latourmorillon\/\" \/>\n<meta property=\"article:published_time\" content=\"2020-02-24T11:05:51+00:00\" \/>\n<meta property=\"article:modified_time\" content=\"2020-05-06T13:12:54+00:00\" \/>\n<meta property=\"og:image\" content=\"https:\/\/la-tour-morillon.fr\/wp-content\/uploads\/2020\/02\/image.png\" \/>\n\t<meta property=\"og:image:width\" content=\"1024\" \/>\n\t<meta property=\"og:image:height\" content=\"1024\" \/>\n\t<meta property=\"og:image:type\" content=\"image\/png\" \/>\n<meta name=\"author\" content=\"admin7657\" \/>\n<meta name=\"twitter:card\" content=\"summary_large_image\" \/>\n<meta name=\"twitter:label1\" content=\"\u00c9crit par\" \/>\n\t<meta name=\"twitter:data1\" content=\"admin7657\" \/>\n\t<meta name=\"twitter:label2\" content=\"Dur\u00e9e de lecture estim\u00e9e\" \/>\n\t<meta name=\"twitter:data2\" content=\"1 minute\" \/>\n<script type=\"application\/ld+json\" class=\"yoast-schema-graph\">{\"@context\":\"https:\/\/schema.org\",\"@graph\":[{\"@type\":\"Article\",\"@id\":\"https:\/\/la-tour-morillon.fr\/index.php\/2020\/02\/24\/artist-talk\/#article\",\"isPartOf\":{\"@id\":\"https:\/\/la-tour-morillon.fr\/index.php\/2020\/02\/24\/artist-talk\/\"},\"author\":{\"name\":\"admin7657\",\"@id\":\"https:\/\/la-tour-morillon.fr\/#\/schema\/person\/0e900830285429857b31809e32b8db80\"},\"headline\":\"Artist talk\",\"datePublished\":\"2020-02-24T11:05:51+00:00\",\"dateModified\":\"2020-05-06T13:12:54+00:00\",\"mainEntityOfPage\":{\"@id\":\"https:\/\/la-tour-morillon.fr\/index.php\/2020\/02\/24\/artist-talk\/\"},\"wordCount\":183,\"publisher\":{\"@id\":\"https:\/\/la-tour-morillon.fr\/#organization\"},\"image\":{\"@id\":\"https:\/\/la-tour-morillon.fr\/index.php\/2020\/02\/24\/artist-talk\/#primaryimage\"},\"thumbnailUrl\":\"https:\/\/la-tour-morillon.fr\/wp-content\/uploads\/2020\/02\/image.png\",\"articleSection\":[\"Ev\u00e8nements\",\"Expositions\",\"galerie\",\"salon de th\u00e9\"],\"inLanguage\":\"fr-FR\"},{\"@type\":\"WebPage\",\"@id\":\"https:\/\/la-tour-morillon.fr\/index.php\/2020\/02\/24\/artist-talk\/\",\"url\":\"https:\/\/la-tour-morillon.fr\/index.php\/2020\/02\/24\/artist-talk\/\",\"name\":\"Artist talk - La tour Morillon\",\"isPartOf\":{\"@id\":\"https:\/\/la-tour-morillon.fr\/#website\"},\"primaryImageOfPage\":{\"@id\":\"https:\/\/la-tour-morillon.fr\/index.php\/2020\/02\/24\/artist-talk\/#primaryimage\"},\"image\":{\"@id\":\"https:\/\/la-tour-morillon.fr\/index.php\/2020\/02\/24\/artist-talk\/#primaryimage\"},\"thumbnailUrl\":\"https:\/\/la-tour-morillon.fr\/wp-content\/uploads\/2020\/02\/image.png\",\"datePublished\":\"2020-02-24T11:05:51+00:00\",\"dateModified\":\"2020-05-06T13:12:54+00:00\",\"breadcrumb\":{\"@id\":\"https:\/\/la-tour-morillon.fr\/index.php\/2020\/02\/24\/artist-talk\/#breadcrumb\"},\"inLanguage\":\"fr-FR\",\"potentialAction\":[{\"@type\":\"ReadAction\",\"target\":[\"https:\/\/la-tour-morillon.fr\/index.php\/2020\/02\/24\/artist-talk\/\"]}]},{\"@type\":\"ImageObject\",\"inLanguage\":\"fr-FR\",\"@id\":\"https:\/\/la-tour-morillon.fr\/index.php\/2020\/02\/24\/artist-talk\/#primaryimage\",\"url\":\"https:\/\/la-tour-morillon.fr\/wp-content\/uploads\/2020\/02\/image.png\",\"contentUrl\":\"https:\/\/la-tour-morillon.fr\/wp-content\/uploads\/2020\/02\/image.png\",\"width\":1024,\"height\":1024},{\"@type\":\"BreadcrumbList\",\"@id\":\"https:\/\/la-tour-morillon.fr\/index.php\/2020\/02\/24\/artist-talk\/#breadcrumb\",\"itemListElement\":[{\"@type\":\"ListItem\",\"position\":1,\"name\":\"Accueil\",\"item\":\"https:\/\/la-tour-morillon.fr\/\"},{\"@type\":\"ListItem\",\"position\":2,\"name\":\"Artist talk\"}]},{\"@type\":\"WebSite\",\"@id\":\"https:\/\/la-tour-morillon.fr\/#website\",\"url\":\"https:\/\/la-tour-morillon.fr\/\",\"name\":\"La tour Morillon\",\"description\":\"Salon de th\u00e9 \u00e0 Saint-Amand-Montrond\",\"publisher\":{\"@id\":\"https:\/\/la-tour-morillon.fr\/#organization\"},\"potentialAction\":[{\"@type\":\"SearchAction\",\"target\":{\"@type\":\"EntryPoint\",\"urlTemplate\":\"https:\/\/la-tour-morillon.fr\/?s={search_term_string}\"},\"query-input\":{\"@type\":\"PropertyValueSpecification\",\"valueRequired\":true,\"valueName\":\"search_term_string\"}}],\"inLanguage\":\"fr-FR\"},{\"@type\":\"Organization\",\"@id\":\"https:\/\/la-tour-morillon.fr\/#organization\",\"name\":\"Association La Tour Morillon\",\"url\":\"https:\/\/la-tour-morillon.fr\/\",\"logo\":{\"@type\":\"ImageObject\",\"inLanguage\":\"fr-FR\",\"@id\":\"https:\/\/la-tour-morillon.fr\/#\/schema\/logo\/image\/\",\"url\":\"https:\/\/la-tour-morillon.fr\/wp-content\/uploads\/2019\/03\/SDT-logo-noir.png\",\"contentUrl\":\"https:\/\/la-tour-morillon.fr\/wp-content\/uploads\/2019\/03\/SDT-logo-noir.png\",\"width\":1592,\"height\":1592,\"caption\":\"Association La Tour Morillon\"},\"image\":{\"@id\":\"https:\/\/la-tour-morillon.fr\/#\/schema\/logo\/image\/\"},\"sameAs\":[\"https:\/\/www.facebook.com\/latourmorillon\/\"]},{\"@type\":\"Person\",\"@id\":\"https:\/\/la-tour-morillon.fr\/#\/schema\/person\/0e900830285429857b31809e32b8db80\",\"name\":\"admin7657\",\"image\":{\"@type\":\"ImageObject\",\"inLanguage\":\"fr-FR\",\"@id\":\"https:\/\/la-tour-morillon.fr\/#\/schema\/person\/image\/\",\"url\":\"https:\/\/secure.gravatar.com\/avatar\/43770286d6231dbb0ec3245b2e9c57b4afadf38014e0a9cb547f03767f2f9573?s=96&d=mm&r=g\",\"contentUrl\":\"https:\/\/secure.gravatar.com\/avatar\/43770286d6231dbb0ec3245b2e9c57b4afadf38014e0a9cb547f03767f2f9573?s=96&d=mm&r=g\",\"caption\":\"admin7657\"}}]}<\/script>\n<!-- \/ Yoast SEO plugin. -->","yoast_head_json":{"title":"Artist talk - La tour Morillon","robots":{"index":"index","follow":"follow","max-snippet":"max-snippet:-1","max-image-preview":"max-image-preview:large","max-video-preview":"max-video-preview:-1"},"canonical":"https:\/\/la-tour-morillon.fr\/index.php\/2020\/02\/24\/artist-talk\/","og_locale":"fr_FR","og_type":"article","og_title":"Artist talk - La tour Morillon","og_description":"Dans le cadre de son exposition Anthologie du pain quotidien \u00e0 la galerie de la Tour Morillon, \"Lisa raconte Salamandra\" le 7 mars prochain.Artist talk de Lisa Salamandra, au cours duquel elle nous expliquera sa d\u00e9marche artistique. Informations pratiques 7 mars 2020, 18h.Entr\u00e9e libre dans la limite des places disponibles.Acc\u00e8s par le salon de th\u00e9 [&hellip;]","og_url":"https:\/\/la-tour-morillon.fr\/index.php\/2020\/02\/24\/artist-talk\/","og_site_name":"La tour Morillon","article_publisher":"https:\/\/www.facebook.com\/latourmorillon\/","article_published_time":"2020-02-24T11:05:51+00:00","article_modified_time":"2020-05-06T13:12:54+00:00","og_image":[{"width":1024,"height":1024,"url":"https:\/\/la-tour-morillon.fr\/wp-content\/uploads\/2020\/02\/image.png","type":"image\/png"}],"author":"admin7657","twitter_card":"summary_large_image","twitter_misc":{"\u00c9crit par":"admin7657","Dur\u00e9e de lecture estim\u00e9e":"1 minute"},"schema":{"@context":"https:\/\/schema.org","@graph":[{"@type":"Article","@id":"https:\/\/la-tour-morillon.fr\/index.php\/2020\/02\/24\/artist-talk\/#article","isPartOf":{"@id":"https:\/\/la-tour-morillon.fr\/index.php\/2020\/02\/24\/artist-talk\/"},"author":{"name":"admin7657","@id":"https:\/\/la-tour-morillon.fr\/#\/schema\/person\/0e900830285429857b31809e32b8db80"},"headline":"Artist talk","datePublished":"2020-02-24T11:05:51+00:00","dateModified":"2020-05-06T13:12:54+00:00","mainEntityOfPage":{"@id":"https:\/\/la-tour-morillon.fr\/index.php\/2020\/02\/24\/artist-talk\/"},"wordCount":183,"publisher":{"@id":"https:\/\/la-tour-morillon.fr\/#organization"},"image":{"@id":"https:\/\/la-tour-morillon.fr\/index.php\/2020\/02\/24\/artist-talk\/#primaryimage"},"thumbnailUrl":"https:\/\/la-tour-morillon.fr\/wp-content\/uploads\/2020\/02\/image.png","articleSection":["Ev\u00e8nements","Expositions","galerie","salon de th\u00e9"],"inLanguage":"fr-FR"},{"@type":"WebPage","@id":"https:\/\/la-tour-morillon.fr\/index.php\/2020\/02\/24\/artist-talk\/","url":"https:\/\/la-tour-morillon.fr\/index.php\/2020\/02\/24\/artist-talk\/","name":"Artist talk - La tour Morillon","isPartOf":{"@id":"https:\/\/la-tour-morillon.fr\/#website"},"primaryImageOfPage":{"@id":"https:\/\/la-tour-morillon.fr\/index.php\/2020\/02\/24\/artist-talk\/#primaryimage"},"image":{"@id":"https:\/\/la-tour-morillon.fr\/index.php\/2020\/02\/24\/artist-talk\/#primaryimage"},"thumbnailUrl":"https:\/\/la-tour-morillon.fr\/wp-content\/uploads\/2020\/02\/image.png","datePublished":"2020-02-24T11:05:51+00:00","dateModified":"2020-05-06T13:12:54+00:00","breadcrumb":{"@id":"https:\/\/la-tour-morillon.fr\/index.php\/2020\/02\/24\/artist-talk\/#breadcrumb"},"inLanguage":"fr-FR","potentialAction":[{"@type":"ReadAction","target":["https:\/\/la-tour-morillon.fr\/index.php\/2020\/02\/24\/artist-talk\/"]}]},{"@type":"ImageObject","inLanguage":"fr-FR","@id":"https:\/\/la-tour-morillon.fr\/index.php\/2020\/02\/24\/artist-talk\/#primaryimage","url":"https:\/\/la-tour-morillon.fr\/wp-content\/uploads\/2020\/02\/image.png","contentUrl":"https:\/\/la-tour-morillon.fr\/wp-content\/uploads\/2020\/02\/image.png","width":1024,"height":1024},{"@type":"BreadcrumbList","@id":"https:\/\/la-tour-morillon.fr\/index.php\/2020\/02\/24\/artist-talk\/#breadcrumb","itemListElement":[{"@type":"ListItem","position":1,"name":"Accueil","item":"https:\/\/la-tour-morillon.fr\/"},{"@type":"ListItem","position":2,"name":"Artist talk"}]},{"@type":"WebSite","@id":"https:\/\/la-tour-morillon.fr\/#website","url":"https:\/\/la-tour-morillon.fr\/","name":"La tour Morillon","description":"Salon de th\u00e9 \u00e0 Saint-Amand-Montrond","publisher":{"@id":"https:\/\/la-tour-morillon.fr\/#organization"},"potentialAction":[{"@type":"SearchAction","target":{"@type":"EntryPoint","urlTemplate":"https:\/\/la-tour-morillon.fr\/?s={search_term_string}"},"query-input":{"@type":"PropertyValueSpecification","valueRequired":true,"valueName":"search_term_string"}}],"inLanguage":"fr-FR"},{"@type":"Organization","@id":"https:\/\/la-tour-morillon.fr\/#organization","name":"Association La Tour Morillon","url":"https:\/\/la-tour-morillon.fr\/","logo":{"@type":"ImageObject","inLanguage":"fr-FR","@id":"https:\/\/la-tour-morillon.fr\/#\/schema\/logo\/image\/","url":"https:\/\/la-tour-morillon.fr\/wp-content\/uploads\/2019\/03\/SDT-logo-noir.png","contentUrl":"https:\/\/la-tour-morillon.fr\/wp-content\/uploads\/2019\/03\/SDT-logo-noir.png","width":1592,"height":1592,"caption":"Association La Tour Morillon"},"image":{"@id":"https:\/\/la-tour-morillon.fr\/#\/schema\/logo\/image\/"},"sameAs":["https:\/\/www.facebook.com\/latourmorillon\/"]},{"@type":"Person","@id":"https:\/\/la-tour-morillon.fr\/#\/schema\/person\/0e900830285429857b31809e32b8db80","name":"admin7657","image":{"@type":"ImageObject","inLanguage":"fr-FR","@id":"https:\/\/la-tour-morillon.fr\/#\/schema\/person\/image\/","url":"https:\/\/secure.gravatar.com\/avatar\/43770286d6231dbb0ec3245b2e9c57b4afadf38014e0a9cb547f03767f2f9573?s=96&d=mm&r=g","contentUrl":"https:\/\/secure.gravatar.com\/avatar\/43770286d6231dbb0ec3245b2e9c57b4afadf38014e0a9cb547f03767f2f9573?s=96&d=mm&r=g","caption":"admin7657"}}]}},"_links":{"self":[{"href":"https:\/\/la-tour-morillon.fr\/index.php\/wp-json\/wp\/v2\/posts\/386","targetHints":{"allow":["GET"]}}],"collection":[{"href":"https:\/\/la-tour-morillon.fr\/index.php\/wp-json\/wp\/v2\/posts"}],"about":[{"href":"https:\/\/la-tour-morillon.fr\/index.php\/wp-json\/wp\/v2\/types\/post"}],"author":[{"embeddable":true,"href":"https:\/\/la-tour-morillon.fr\/index.php\/wp-json\/wp\/v2\/users\/1"}],"replies":[{"embeddable":true,"href":"https:\/\/la-tour-morillon.fr\/index.php\/wp-json\/wp\/v2\/comments?post=386"}],"version-history":[{"count":5,"href":"https:\/\/la-tour-morillon.fr\/index.php\/wp-json\/wp\/v2\/posts\/386\/revisions"}],"predecessor-version":[{"id":894,"href":"https:\/\/la-tour-morillon.fr\/index.php\/wp-json\/wp\/v2\/posts\/386\/revisions\/894"}],"wp:featuredmedia":[{"embeddable":true,"href":"https:\/\/la-tour-morillon.fr\/index.php\/wp-json\/wp\/v2\/media\/838"}],"wp:attachment":[{"href":"https:\/\/la-tour-morillon.fr\/index.php\/wp-json\/wp\/v2\/media?parent=386"}],"wp:term":[{"taxonomy":"category","embeddable":true,"href":"https:\/\/la-tour-morillon.fr\/index.php\/wp-json\/wp\/v2\/categories?post=386"},{"taxonomy":"post_tag","embeddable":true,"href":"https:\/\/la-tour-morillon.fr\/index.php\/wp-json\/wp\/v2\/tags?post=386"}],"curies":[{"name":"wp","href":"https:\/\/api.w.org\/{rel}","templated":true}]}}